{"id":780,"date":"2021-06-19T17:48:00","date_gmt":"2021-06-19T17:48:00","guid":{"rendered":"http:\/\/compensemcultura.org\/?p=780"},"modified":"2021-09-10T09:23:13","modified_gmt":"2021-09-10T09:23:13","slug":"un-adios-compartido-y-celebrado","status":"publish","type":"post","link":"https:\/\/educacio-valencia.es\/explora-el-teu-barri\/un-adios-compartido-y-celebrado","title":{"rendered":"Un adi\u00f3s compartido y celebrado"},"content":{"rendered":"\n<p>Grupo de 6 a 12 a\u00f1os. La Torre.<\/p>\n\n\n\n<p>Todo son manos para poner a punto la muestra final. Atr\u00e1s quedan los roces y desacuerdos de sesiones anteriores. El grupo trabaja a contrarreloj para que la exposici\u00f3n de todo el proceso pueda estar lista a la hora convenida y anunciada en los carteles.<\/p>\n\n\n\n<figure class=\"wp-block-image size-large\"><img loading=\"lazy\" decoding=\"async\" width=\"1024\" height=\"768\" src=\"http:\/\/compensemcultura.org\/wp-content\/uploads\/2021\/07\/IMG_20210619_105142-1024x768.jpg\" alt=\"\" class=\"wp-image-786\" srcset=\"https:\/\/educacio-valencia.es\/explora-el-teu-barri\/wp-content\/uploads\/2021\/07\/IMG_20210619_105142-1024x768.jpg 1024w, https:\/\/educacio-valencia.es\/explora-el-teu-barri\/wp-content\/uploads\/2021\/07\/IMG_20210619_105142-300x225.jpg 300w, https:\/\/educacio-valencia.es\/explora-el-teu-barri\/wp-content\/uploads\/2021\/07\/IMG_20210619_105142-768x576.jpg 768w, https:\/\/educacio-valencia.es\/explora-el-teu-barri\/wp-content\/uploads\/2021\/07\/IMG_20210619_105142-1536x1152.jpg 1536w, https:\/\/educacio-valencia.es\/explora-el-teu-barri\/wp-content\/uploads\/2021\/07\/IMG_20210619_105142-2048x1536.jpg 2048w\" sizes=\"auto, (max-width: 1024px) 100vw, 1024px\" \/><\/figure>\n\n\n\n<p>Se percibe la alegr\u00eda y satisfacci\u00f3n de haber alcanzado la meta. Tambi\u00e9n las educadoras nos mostramos risue\u00f1as y complacientes. Ha sido un trayecto ajetreado pero bonito. De los que llenan la maleta de experiencias y conmueven. Nos vamos con la certeza de haberles contagiado una mirada distinta sobre sus espacios: una ex\u00f3gena, curiosa, positiva. Es dif\u00edcil saber hasta qu\u00e9 punto la experiencia les haya servido para reformular sus v\u00ednculos con el barrio, sus espacios y sus gentes. En cambio, a nosotras, nos ha enamorado La Torre con sus particularidades: sus amplios espacios abiertos, su tranquilidad y sencillez. Pero especialmente hemos disfrutado del v\u00ednculo con sus personas. Es \u00e9sta una barriada trabajadora, necesitada de actividades de ocio y cultura, as\u00ed como de infraestructuras. Y, al mismo tiempo, disfruta de una envidiable autonom\u00eda en cuanto a movilidad de la infancia que nos recuerda a otros tiempos, cuando la calle no nos daba miedo. Cuando nos pertenec\u00eda.<\/p>\n\n\n\n<figure class=\"wp-block-image size-large\"><img loading=\"lazy\" decoding=\"async\" width=\"768\" height=\"1024\" src=\"http:\/\/compensemcultura.org\/wp-content\/uploads\/2021\/07\/IMG_20210619_110350-768x1024.jpg\" alt=\"\" class=\"wp-image-785\" srcset=\"https:\/\/educacio-valencia.es\/explora-el-teu-barri\/wp-content\/uploads\/2021\/07\/IMG_20210619_110350-768x1024.jpg 768w, https:\/\/educacio-valencia.es\/explora-el-teu-barri\/wp-content\/uploads\/2021\/07\/IMG_20210619_110350-225x300.jpg 225w, https:\/\/educacio-valencia.es\/explora-el-teu-barri\/wp-content\/uploads\/2021\/07\/IMG_20210619_110350-1152x1536.jpg 1152w, https:\/\/educacio-valencia.es\/explora-el-teu-barri\/wp-content\/uploads\/2021\/07\/IMG_20210619_110350-1536x2048.jpg 1536w, https:\/\/educacio-valencia.es\/explora-el-teu-barri\/wp-content\/uploads\/2021\/07\/IMG_20210619_110350-scaled.jpg 1920w\" sizes=\"auto, (max-width: 768px) 100vw, 768px\" \/><figcaption>Su cartograf\u00eda y trayectos del barrio.<\/figcaption><\/figure>\n\n\n\n<p>Hoy todo era fiesta. Una fiesta que sabe a autenticidad y a mucho cari\u00f1o. En las caras de las familias, el agradecimiento sincero de quienes saben que su prole necesita un buen pu\u00f1ado de  atenci\u00f3n y cuidados, y un poquito tambi\u00e9n de cultura. <\/p>\n\n\n\n<figure class=\"wp-block-image size-large\"><img loading=\"lazy\" decoding=\"async\" width=\"1024\" height=\"768\" src=\"http:\/\/compensemcultura.org\/wp-content\/uploads\/2021\/07\/IMG_20210619_121908-1024x768.jpg\" alt=\"\" class=\"wp-image-788\" srcset=\"https:\/\/educacio-valencia.es\/explora-el-teu-barri\/wp-content\/uploads\/2021\/07\/IMG_20210619_121908-1024x768.jpg 1024w, https:\/\/educacio-valencia.es\/explora-el-teu-barri\/wp-content\/uploads\/2021\/07\/IMG_20210619_121908-300x225.jpg 300w, https:\/\/educacio-valencia.es\/explora-el-teu-barri\/wp-content\/uploads\/2021\/07\/IMG_20210619_121908-768x576.jpg 768w, https:\/\/educacio-valencia.es\/explora-el-teu-barri\/wp-content\/uploads\/2021\/07\/IMG_20210619_121908-1536x1152.jpg 1536w, https:\/\/educacio-valencia.es\/explora-el-teu-barri\/wp-content\/uploads\/2021\/07\/IMG_20210619_121908-2048x1536.jpg 2048w\" sizes=\"auto, (max-width: 1024px) 100vw, 1024px\" \/><\/figure>\n\n\n\n<p>Despu\u00e9s de la exposici\u00f3n hemos compartido momentos de juego, con una integraci\u00f3n inmediata y un alborozo que dif\u00edcilmente se vea en otros barrios. La f\u00e1cilidad con que las fam\u00edlias se vinculan, comparten y disfrutan, m\u00e1s como tribu que como vecindario, sorprender\u00eda a cualquier habitante actual de nuestra ciudad. Ya no vivimos as\u00ed, y es una verdadera l\u00e1stima. Nos hemos desprendido de los espacios comunes en que habitamos y nos hemos disgregado en peque\u00f1as burbujas, algo que se ha agravado mucho m\u00e1s tras la pandemia.<\/p>\n\n\n\n<p>La experiencia en La Torre ha sido emocionante. La esperanza de que todav\u00eda hay lugares seguros para la infancia, donde \u00e9sta goza de autonom\u00eda y se apropia de los espacios, nos hace avanzar en nuestra misi\u00f3n: la de reivindicar sus derechos y darles voz.<\/p>\n\n\n\n<p>Al final, un almuerzo cercano. Y de repente nos sentimos acogidas, somos parte de otra familia, ah\u00ed, muy cerquita. Tan solo hay que cruzar el nuevo cauce para abrazarla.<\/p>\n\n\n\n<p><\/p>\n","protected":false},"excerpt":{"rendered":"<p>Grupo de 6 a 12 a\u00f1os. La Torre. Todo son manos para poner a punto la muestra final. Atr\u00e1s quedan los roces y desacuerdos de sesiones anteriores. El grupo trabaja a contrarreloj para que la exposici\u00f3n de todo el proceso pueda estar lista a la hora convenida y anunciada en <a href=\"https:\/\/educacio-valencia.es\/explora-el-teu-barri\/un-adios-compartido-y-celebrado\" class=\"btn-link\">Seguir leyendo<i class=\"ion-ios-arrow-right\"><\/i><\/a><\/p>\n","protected":false},"author":1,"featured_media":787,"comment_status":"open","ping_status":"open","sticky":false,"template":"","format":"standard","meta":{"ngg_post_thumbnail":0,"footnotes":""},"categories":[27,127],"tags":[121,122,119,44,92,120,91,65],"class_list":["post-780","post","type-post","status-publish","format-standard","has-post-thumbnail","hentry","category-la-torre","category-mostres","tag-acogida","tag-agradecimiento","tag-celebracion","tag-exploracion","tag-final","tag-juego","tag-muestra","tag-reflexion"],"_links":{"self":[{"href":"https:\/\/educacio-valencia.es\/explora-el-teu-barri\/wp-json\/wp\/v2\/posts\/780","targetHints":{"allow":["GET"]}}],"collection":[{"href":"https:\/\/educacio-valencia.es\/explora-el-teu-barri\/wp-json\/wp\/v2\/posts"}],"about":[{"href":"https:\/\/educacio-valencia.es\/explora-el-teu-barri\/wp-json\/wp\/v2\/types\/post"}],"author":[{"embeddable":true,"href":"https:\/\/educacio-valencia.es\/explora-el-teu-barri\/wp-json\/wp\/v2\/users\/1"}],"replies":[{"embeddable":true,"href":"https:\/\/educacio-valencia.es\/explora-el-teu-barri\/wp-json\/wp\/v2\/comments?post=780"}],"version-history":[{"count":2,"href":"https:\/\/educacio-valencia.es\/explora-el-teu-barri\/wp-json\/wp\/v2\/posts\/780\/revisions"}],"predecessor-version":[{"id":790,"href":"https:\/\/educacio-valencia.es\/explora-el-teu-barri\/wp-json\/wp\/v2\/posts\/780\/revisions\/790"}],"wp:featuredmedia":[{"embeddable":true,"href":"https:\/\/educacio-valencia.es\/explora-el-teu-barri\/wp-json\/wp\/v2\/media\/787"}],"wp:attachment":[{"href":"https:\/\/educacio-valencia.es\/explora-el-teu-barri\/wp-json\/wp\/v2\/media?parent=780"}],"wp:term":[{"taxonomy":"category","embeddable":true,"href":"https:\/\/educacio-valencia.es\/explora-el-teu-barri\/wp-json\/wp\/v2\/categories?post=780"},{"taxonomy":"post_tag","embeddable":true,"href":"https:\/\/educacio-valencia.es\/explora-el-teu-barri\/wp-json\/wp\/v2\/tags?post=780"}],"curies":[{"name":"wp","href":"https:\/\/api.w.org\/{rel}","templated":true}]}}