{"id":663,"date":"2021-06-21T09:56:13","date_gmt":"2021-06-21T09:56:13","guid":{"rendered":"http:\/\/compensemcultura.org\/?p=663"},"modified":"2021-09-10T09:22:59","modified_gmt":"2021-09-10T09:22:59","slug":"el-meson-de-morella-acoge-la-muestra","status":"publish","type":"post","link":"https:\/\/educacio-valencia.es\/explora-el-teu-barri\/el-meson-de-morella-acoge-la-muestra","title":{"rendered":"El mes\u00f3n de Morella acoge la muestra"},"content":{"rendered":"\n<p>\u00a1La muestra de Ciutat Vella fue todo un \u00e9xito! Despu\u00e9s de planear la exposici\u00f3n durante varios d\u00edas, hacer entradas in\u00e9ditas y dise\u00f1ar los carteles; el mes\u00f3n se lleno de vida el d\u00eda de la muestra. Dado que las reivindicaciones del grupo se centraban, sobre todo, en la voluntad de naturalizar el espacio urbano, decidimos colocar una estructura a modo de <em>\u201cphotocall\u201d<\/em> en el centro del espacio, recordando la sesi\u00f3n en la que nos camuflamos como plantas y salimos a los lugares m\u00e1s \u00e1ridos y desprovistos de vegetaci\u00f3n de Ciutat Vella.&nbsp;<\/p>\n\n\n\n<div class=\"wp-block-columns is-layout-flex wp-container-core-columns-is-layout-1 wp-block-columns-is-layout-flex\">\n<div class=\"wp-block-column is-layout-flow wp-block-column-is-layout-flow\">\n<figure class=\"wp-block-image size-large is-resized\"><img loading=\"lazy\" decoding=\"async\" src=\"http:\/\/compensemcultura.org\/wp-content\/uploads\/2021\/06\/1-5-1024x768.jpg\" alt=\"\" class=\"wp-image-667\" width=\"324\" height=\"242\" srcset=\"https:\/\/educacio-valencia.es\/explora-el-teu-barri\/wp-content\/uploads\/2021\/06\/1-5-1024x768.jpg 1024w, https:\/\/educacio-valencia.es\/explora-el-teu-barri\/wp-content\/uploads\/2021\/06\/1-5-300x225.jpg 300w, https:\/\/educacio-valencia.es\/explora-el-teu-barri\/wp-content\/uploads\/2021\/06\/1-5-768x576.jpg 768w, https:\/\/educacio-valencia.es\/explora-el-teu-barri\/wp-content\/uploads\/2021\/06\/1-5-1536x1152.jpg 1536w, https:\/\/educacio-valencia.es\/explora-el-teu-barri\/wp-content\/uploads\/2021\/06\/1-5-2048x1536.jpg 2048w\" sizes=\"auto, (max-width: 324px) 100vw, 324px\" \/><\/figure>\n<\/div>\n\n\n\n<div class=\"wp-block-column is-layout-flow wp-block-column-is-layout-flow\">\n<figure class=\"wp-block-image size-large is-resized\"><img loading=\"lazy\" decoding=\"async\" src=\"http:\/\/compensemcultura.org\/wp-content\/uploads\/2021\/06\/2-6-1024x768.jpg\" alt=\"\" class=\"wp-image-668\" width=\"322\" height=\"241\" srcset=\"https:\/\/educacio-valencia.es\/explora-el-teu-barri\/wp-content\/uploads\/2021\/06\/2-6-1024x768.jpg 1024w, https:\/\/educacio-valencia.es\/explora-el-teu-barri\/wp-content\/uploads\/2021\/06\/2-6-300x225.jpg 300w, https:\/\/educacio-valencia.es\/explora-el-teu-barri\/wp-content\/uploads\/2021\/06\/2-6-768x576.jpg 768w, https:\/\/educacio-valencia.es\/explora-el-teu-barri\/wp-content\/uploads\/2021\/06\/2-6-1536x1152.jpg 1536w, https:\/\/educacio-valencia.es\/explora-el-teu-barri\/wp-content\/uploads\/2021\/06\/2-6-2048x1536.jpg 2048w\" sizes=\"auto, (max-width: 322px) 100vw, 322px\" \/><\/figure>\n<\/div>\n\n\n\n<div class=\"wp-block-column is-layout-flow wp-block-column-is-layout-flow\">\n<figure class=\"wp-block-image size-large is-resized\"><img loading=\"lazy\" decoding=\"async\" src=\"http:\/\/compensemcultura.org\/wp-content\/uploads\/2021\/06\/3-3-1024x768.jpg\" alt=\"\" class=\"wp-image-669\" width=\"322\" height=\"241\" srcset=\"https:\/\/educacio-valencia.es\/explora-el-teu-barri\/wp-content\/uploads\/2021\/06\/3-3-1024x768.jpg 1024w, https:\/\/educacio-valencia.es\/explora-el-teu-barri\/wp-content\/uploads\/2021\/06\/3-3-300x225.jpg 300w, https:\/\/educacio-valencia.es\/explora-el-teu-barri\/wp-content\/uploads\/2021\/06\/3-3-768x576.jpg 768w, https:\/\/educacio-valencia.es\/explora-el-teu-barri\/wp-content\/uploads\/2021\/06\/3-3-1536x1152.jpg 1536w, https:\/\/educacio-valencia.es\/explora-el-teu-barri\/wp-content\/uploads\/2021\/06\/3-3-2048x1536.jpg 2048w\" sizes=\"auto, (max-width: 322px) 100vw, 322px\" \/><\/figure>\n<\/div>\n<\/div>\n\n\n\n<p>La organizaci\u00f3n de la muestra se bas\u00f3 en dos procesos: difusi\u00f3n de la muestra y dise\u00f1o del espacio expositivo. Para lo primero, dise\u00f1amos carteles y entradas; los primeros los pegamos por el barrio mientras que las entradas fueron un detalle exclusivo para las personas que viniesen a la muestra.<\/p>\n\n\n\n<div class=\"wp-block-image\"><figure class=\"aligncenter size-large\"><img loading=\"lazy\" decoding=\"async\" width=\"654\" height=\"654\" src=\"http:\/\/compensemcultura.org\/wp-content\/uploads\/2021\/06\/WhatsApp-Image-2021-06-21-at-11.48.35.jpeg\" alt=\"\" class=\"wp-image-671\" srcset=\"https:\/\/educacio-valencia.es\/explora-el-teu-barri\/wp-content\/uploads\/2021\/06\/WhatsApp-Image-2021-06-21-at-11.48.35.jpeg 654w, https:\/\/educacio-valencia.es\/explora-el-teu-barri\/wp-content\/uploads\/2021\/06\/WhatsApp-Image-2021-06-21-at-11.48.35-300x300.jpeg 300w, https:\/\/educacio-valencia.es\/explora-el-teu-barri\/wp-content\/uploads\/2021\/06\/WhatsApp-Image-2021-06-21-at-11.48.35-150x150.jpeg 150w\" sizes=\"auto, (max-width: 654px) 100vw, 654px\" \/><\/figure><\/div>\n\n\n\n<p>Realizamos la muestra en el Mes\u00f3n de Morella (lugar en el que empez\u00e1bamos todas las sesiones y lugar predilecto para la reflexi\u00f3n antes y despu\u00e9s de las diferentes acciones) por lo que se podr\u00eda decir que es un espacio que hab\u00edamos hecho nuestro. Fue interesante como, nada m\u00e1s ver las cuerdas que \u00edbamos a utilizar para sostener la estructura de las plantas, unos cuatro participantes se pusieron a saltar a la comba utilizando el mes\u00f3n como espacio de juego, s\u00edntoma de que cada vez se sent\u00edan m\u00e1s c\u00f3modos en el espacio.&nbsp;&nbsp;<\/p>\n\n\n\n<div class=\"wp-block-image\"><figure class=\"aligncenter size-large\"><img loading=\"lazy\" decoding=\"async\" width=\"768\" height=\"1024\" src=\"http:\/\/compensemcultura.org\/wp-content\/uploads\/2021\/06\/4-2-768x1024.jpg\" alt=\"\" class=\"wp-image-672\" srcset=\"https:\/\/educacio-valencia.es\/explora-el-teu-barri\/wp-content\/uploads\/2021\/06\/4-2-768x1024.jpg 768w, https:\/\/educacio-valencia.es\/explora-el-teu-barri\/wp-content\/uploads\/2021\/06\/4-2-225x300.jpg 225w, https:\/\/educacio-valencia.es\/explora-el-teu-barri\/wp-content\/uploads\/2021\/06\/4-2-1152x1536.jpg 1152w, https:\/\/educacio-valencia.es\/explora-el-teu-barri\/wp-content\/uploads\/2021\/06\/4-2-1536x2048.jpg 1536w, https:\/\/educacio-valencia.es\/explora-el-teu-barri\/wp-content\/uploads\/2021\/06\/4-2-scaled.jpg 1920w\" sizes=\"auto, (max-width: 768px) 100vw, 768px\" \/><\/figure><\/div>\n\n\n\n<p>Nos repartimos los roles necesarios (aunque fluctuantes) para llevar a cabo la exposici\u00f3n. Fue curioso que, la gran mayor\u00eda del grupo, quiso desempe\u00f1ar labores relacionadas con la seguridad y el control covid, mientras que los roles relacionados con la mediaci\u00f3n y comunicaci\u00f3n quedaron marginados. Por ejemplo, en un primer momento, Killari, fue la \u00fanica participante que quiso desempe\u00f1ar un rol relacionado con la mediaci\u00f3n y, escasos minutos antes de la muestra, se ech\u00f3 para atr\u00e1s. Finalmente, una vez vencida la verg\u00fcenza, todo el mundo hizo un poco de todo, ya que casi todas las personas participantes explicaron a sus familiares lo que hab\u00edan hecho durante el proyecto sirvi\u00e9ndose de los objetos expuestos en la muestra.<\/p>\n\n\n\n<p>En definitiva, el p\u00fablico acogi\u00f3 muy bien la muestra y el espacio no s\u00f3lo se llen\u00f3 con las familias de las participantes, sino tambi\u00e9n de viandantes y vecinas que pasaban por el mes\u00f3n. Sorprendidas de que hubiese tanta actividad en el Centro Municipal de Servicios Sociales.&nbsp;<\/p>\n","protected":false},"excerpt":{"rendered":"<p>\u00a1La muestra de Ciutat Vella fue todo un \u00e9xito! Despu\u00e9s de planear la exposici\u00f3n durante varios d\u00edas, hacer entradas in\u00e9ditas y dise\u00f1ar los carteles; el mes\u00f3n se lleno de vida el d\u00eda de la muestra. Dado que las reivindicaciones del grupo se centraban, sobre todo, en la voluntad de naturalizar <a href=\"https:\/\/educacio-valencia.es\/explora-el-teu-barri\/el-meson-de-morella-acoge-la-muestra\" class=\"btn-link\">Seguir leyendo<i class=\"ion-ios-arrow-right\"><\/i><\/a><\/p>\n","protected":false},"author":1,"featured_media":720,"comment_status":"open","ping_status":"open","sticky":false,"template":"","format":"standard","meta":{"ngg_post_thumbnail":0,"footnotes":""},"categories":[19,127],"tags":[20,72,24,86,17,93],"class_list":["post-663","post","type-post","status-publish","format-standard","has-post-thumbnail","hentry","category-ciutat-vella","category-mostres","tag-ciutatvella","tag-critica","tag-espacios","tag-exposiciones","tag-personas-2","tag-plantas"],"_links":{"self":[{"href":"https:\/\/educacio-valencia.es\/explora-el-teu-barri\/wp-json\/wp\/v2\/posts\/663","targetHints":{"allow":["GET"]}}],"collection":[{"href":"https:\/\/educacio-valencia.es\/explora-el-teu-barri\/wp-json\/wp\/v2\/posts"}],"about":[{"href":"https:\/\/educacio-valencia.es\/explora-el-teu-barri\/wp-json\/wp\/v2\/types\/post"}],"author":[{"embeddable":true,"href":"https:\/\/educacio-valencia.es\/explora-el-teu-barri\/wp-json\/wp\/v2\/users\/1"}],"replies":[{"embeddable":true,"href":"https:\/\/educacio-valencia.es\/explora-el-teu-barri\/wp-json\/wp\/v2\/comments?post=663"}],"version-history":[{"count":2,"href":"https:\/\/educacio-valencia.es\/explora-el-teu-barri\/wp-json\/wp\/v2\/posts\/663\/revisions"}],"predecessor-version":[{"id":721,"href":"https:\/\/educacio-valencia.es\/explora-el-teu-barri\/wp-json\/wp\/v2\/posts\/663\/revisions\/721"}],"wp:featuredmedia":[{"embeddable":true,"href":"https:\/\/educacio-valencia.es\/explora-el-teu-barri\/wp-json\/wp\/v2\/media\/720"}],"wp:attachment":[{"href":"https:\/\/educacio-valencia.es\/explora-el-teu-barri\/wp-json\/wp\/v2\/media?parent=663"}],"wp:term":[{"taxonomy":"category","embeddable":true,"href":"https:\/\/educacio-valencia.es\/explora-el-teu-barri\/wp-json\/wp\/v2\/categories?post=663"},{"taxonomy":"post_tag","embeddable":true,"href":"https:\/\/educacio-valencia.es\/explora-el-teu-barri\/wp-json\/wp\/v2\/tags?post=663"}],"curies":[{"name":"wp","href":"https:\/\/api.w.org\/{rel}","templated":true}]}}