{"id":430,"date":"2021-05-28T09:07:10","date_gmt":"2021-05-28T09:07:10","guid":{"rendered":"http:\/\/compensemcultura.org\/?p=430"},"modified":"2021-05-28T09:07:11","modified_gmt":"2021-05-28T09:07:11","slug":"quan-es-jugava-al-canut-al-carrer","status":"publish","type":"post","link":"https:\/\/educacio-valencia.es\/explora-el-teu-barri\/quan-es-jugava-al-canut-al-carrer","title":{"rendered":"Quan es jugava al canut al carrer"},"content":{"rendered":"\n<p>Dissabte passat va ser M.C. d&#8217;Orriols Convive i lluitadora de totes les batalles del barri, qui ens va acompanyar. Com que ella va n\u00e0ixer al barri ja fa molts anys, ens porta per la part antiga i ens explica com era Orriols quan ella era petita, quan quasi tot era horta i hi havia s\u00e9quies, i es jugava al canut al carrer. Ens conta algunes coses que han millorat gr\u00e0cies al treball col\u00b7lectiu del ve\u00efnat, com la pla\u00e7a de l&#8217;Ermita, que algunes de nosaltres encara vam arribar a con\u00e8ixer quan era un descampat ple de cotxes i fang. Tamb\u00e9 hem aprofitat el recorregut per entrevistar a altres persones que ens an\u00e0vem trobant. Ens ha sorpr\u00e8s que totes estant molt contentes de viure al barri, com nosaltres!!<\/p>\n\n\n\n<p><\/p>\n\n\n\n<figure class=\"wp-block-image size-large\"><img loading=\"lazy\" decoding=\"async\" width=\"1024\" height=\"768\" src=\"http:\/\/compensemcultura.org\/wp-content\/uploads\/2021\/05\/IMG_20210515_112426-1024x768.jpg\" alt=\"\" class=\"wp-image-432\" srcset=\"https:\/\/educacio-valencia.es\/explora-el-teu-barri\/wp-content\/uploads\/2021\/05\/IMG_20210515_112426-1024x768.jpg 1024w, https:\/\/educacio-valencia.es\/explora-el-teu-barri\/wp-content\/uploads\/2021\/05\/IMG_20210515_112426-300x225.jpg 300w, https:\/\/educacio-valencia.es\/explora-el-teu-barri\/wp-content\/uploads\/2021\/05\/IMG_20210515_112426-768x576.jpg 768w, https:\/\/educacio-valencia.es\/explora-el-teu-barri\/wp-content\/uploads\/2021\/05\/IMG_20210515_112426-1536x1152.jpg 1536w, https:\/\/educacio-valencia.es\/explora-el-teu-barri\/wp-content\/uploads\/2021\/05\/IMG_20210515_112426-2048x1536.jpg 2048w\" sizes=\"auto, (max-width: 1024px) 100vw, 1024px\" \/><\/figure>\n\n\n\n<figure class=\"wp-block-image size-large\"><img loading=\"lazy\" decoding=\"async\" width=\"1024\" height=\"768\" src=\"http:\/\/compensemcultura.org\/wp-content\/uploads\/2021\/05\/IMG_20210515_104450-1024x768.jpg\" alt=\"\" class=\"wp-image-433\" srcset=\"https:\/\/educacio-valencia.es\/explora-el-teu-barri\/wp-content\/uploads\/2021\/05\/IMG_20210515_104450-1024x768.jpg 1024w, https:\/\/educacio-valencia.es\/explora-el-teu-barri\/wp-content\/uploads\/2021\/05\/IMG_20210515_104450-300x225.jpg 300w, https:\/\/educacio-valencia.es\/explora-el-teu-barri\/wp-content\/uploads\/2021\/05\/IMG_20210515_104450-768x576.jpg 768w, https:\/\/educacio-valencia.es\/explora-el-teu-barri\/wp-content\/uploads\/2021\/05\/IMG_20210515_104450-1536x1152.jpg 1536w, https:\/\/educacio-valencia.es\/explora-el-teu-barri\/wp-content\/uploads\/2021\/05\/IMG_20210515_104450-2048x1536.jpg 2048w\" sizes=\"auto, (max-width: 1024px) 100vw, 1024px\" \/><figcaption>Exif_JPEG_420<\/figcaption><\/figure>\n\n\n\n<p><\/p>\n","protected":false},"excerpt":{"rendered":"<p>Dissabte passat va ser M.C. d&#8217;Orriols Convive i lluitadora de totes les batalles del barri, qui ens va acompanyar. Com que ella va n\u00e0ixer al barri ja fa molts anys, ens porta per la part antiga i ens explica com era Orriols quan ella era petita, quan quasi tot era <a href=\"https:\/\/educacio-valencia.es\/explora-el-teu-barri\/quan-es-jugava-al-canut-al-carrer\" class=\"btn-link\">Seguir leyendo<i class=\"ion-ios-arrow-right\"><\/i><\/a><\/p>\n","protected":false},"author":1,"featured_media":431,"comment_status":"open","ping_status":"open","sticky":false,"template":"","format":"standard","meta":{"ngg_post_thumbnail":0,"footnotes":""},"categories":[31],"tags":[],"class_list":["post-430","post","type-post","status-publish","format-standard","has-post-thumbnail","hentry","category-orriols"],"_links":{"self":[{"href":"https:\/\/educacio-valencia.es\/explora-el-teu-barri\/wp-json\/wp\/v2\/posts\/430","targetHints":{"allow":["GET"]}}],"collection":[{"href":"https:\/\/educacio-valencia.es\/explora-el-teu-barri\/wp-json\/wp\/v2\/posts"}],"about":[{"href":"https:\/\/educacio-valencia.es\/explora-el-teu-barri\/wp-json\/wp\/v2\/types\/post"}],"author":[{"embeddable":true,"href":"https:\/\/educacio-valencia.es\/explora-el-teu-barri\/wp-json\/wp\/v2\/users\/1"}],"replies":[{"embeddable":true,"href":"https:\/\/educacio-valencia.es\/explora-el-teu-barri\/wp-json\/wp\/v2\/comments?post=430"}],"version-history":[{"count":1,"href":"https:\/\/educacio-valencia.es\/explora-el-teu-barri\/wp-json\/wp\/v2\/posts\/430\/revisions"}],"predecessor-version":[{"id":434,"href":"https:\/\/educacio-valencia.es\/explora-el-teu-barri\/wp-json\/wp\/v2\/posts\/430\/revisions\/434"}],"wp:featuredmedia":[{"embeddable":true,"href":"https:\/\/educacio-valencia.es\/explora-el-teu-barri\/wp-json\/wp\/v2\/media\/431"}],"wp:attachment":[{"href":"https:\/\/educacio-valencia.es\/explora-el-teu-barri\/wp-json\/wp\/v2\/media?parent=430"}],"wp:term":[{"taxonomy":"category","embeddable":true,"href":"https:\/\/educacio-valencia.es\/explora-el-teu-barri\/wp-json\/wp\/v2\/categories?post=430"},{"taxonomy":"post_tag","embeddable":true,"href":"https:\/\/educacio-valencia.es\/explora-el-teu-barri\/wp-json\/wp\/v2\/tags?post=430"}],"curies":[{"name":"wp","href":"https:\/\/api.w.org\/{rel}","templated":true}]}}