{"id":378,"date":"2021-04-26T17:50:44","date_gmt":"2021-04-26T17:50:44","guid":{"rendered":"http:\/\/compensemcultura.org\/?p=378"},"modified":"2021-04-26T17:50:46","modified_gmt":"2021-04-26T17:50:46","slug":"teixir-xarxes-amb-la-infancia-es-necessari","status":"publish","type":"post","link":"https:\/\/educacio-valencia.es\/explora-el-teu-barri\/teixir-xarxes-amb-la-infancia-es-necessari","title":{"rendered":"Teixir xarxes amb la inf\u00e0ncia \u00e9s necessari"},"content":{"rendered":"\n<p>Explorar un barri tamb\u00e9 \u00e9s con\u00e8ixer les reclamacions de les ve\u00efnes, hem conegut a gent d\u2019OrriolsConvive a gent de Val\u00e8ncia Acull, Orriols en bloc&#8230; per saber qu\u00e8 volen i veure si les xiquetes i xiquets voldrien tamb\u00e9 el mateix. Ens hem trobat a un trosset del barri que reclamen per fer un hort autogestionat i ho fan comen\u00e7ant a plantar, amb l\u2019acci\u00f3 conjunta i amb molt d\u2019amor i acollida.&nbsp;<\/p>\n\n\n\n<p>Teixir xarxes amb la inf\u00e0ncia \u00e9s necessari, formen part dels barris, de la ciutat i s\u00f3n ciutadanes de ple dret. \u00c9s important que estiguen presents, que parlen, que participen, que estiguen i puguen habitar els espais d\u2019associacionisme. A aquest barri fan un treball espectacular en aquest sentit i hem tingut el plaer de viure-ho. Aix\u00ed ens queda una reflexi\u00f3: Com pot participar la xicalla als barris? Quines formes s\u00f3n les que necessitem per aconseguir-ho?&nbsp;<\/p>\n\n\n\n<p>De moment comencem per descobrir quin \u00e9s el barri que habiten: quins espais habitem? quins llocs ens agraden i quins no? quins espais no coneixem i per qu\u00e8? on s\u2019acaba el barri? quins s\u00f3n els seus l\u00edmits?&nbsp;<\/p>\n\n\n\n<p>Sembla que el barri acaba on deixem de con\u00e8ixer a la gent que viu all\u00e0!\u00a0<\/p>\n\n\n\n<figure class=\"wp-block-image size-large\"><img loading=\"lazy\" decoding=\"async\" width=\"768\" height=\"1024\" src=\"http:\/\/compensemcultura.org\/wp-content\/uploads\/2021\/04\/3-768x1024.jpg\" alt=\"\" class=\"wp-image-380\" srcset=\"https:\/\/educacio-valencia.es\/explora-el-teu-barri\/wp-content\/uploads\/2021\/04\/3-768x1024.jpg 768w, https:\/\/educacio-valencia.es\/explora-el-teu-barri\/wp-content\/uploads\/2021\/04\/3-225x300.jpg 225w, https:\/\/educacio-valencia.es\/explora-el-teu-barri\/wp-content\/uploads\/2021\/04\/3-1152x1536.jpg 1152w, https:\/\/educacio-valencia.es\/explora-el-teu-barri\/wp-content\/uploads\/2021\/04\/3-1536x2048.jpg 1536w, https:\/\/educacio-valencia.es\/explora-el-teu-barri\/wp-content\/uploads\/2021\/04\/3-scaled.jpg 1920w\" sizes=\"auto, (max-width: 768px) 100vw, 768px\" \/><figcaption>Exif_JPEG_420<\/figcaption><\/figure>\n","protected":false},"excerpt":{"rendered":"<p>Explorar un barri tamb\u00e9 \u00e9s con\u00e8ixer les reclamacions de les ve\u00efnes, hem conegut a gent d\u2019OrriolsConvive a gent de Val\u00e8ncia Acull, Orriols en bloc&#8230; per saber qu\u00e8 volen i veure si les xiquetes i xiquets voldrien tamb\u00e9 el mateix. Ens hem trobat a un trosset del barri que reclamen per <a href=\"https:\/\/educacio-valencia.es\/explora-el-teu-barri\/teixir-xarxes-amb-la-infancia-es-necessari\" class=\"btn-link\">Seguir leyendo<i class=\"ion-ios-arrow-right\"><\/i><\/a><\/p>\n","protected":false},"author":1,"featured_media":379,"comment_status":"open","ping_status":"open","sticky":false,"template":"","format":"standard","meta":{"ngg_post_thumbnail":0,"footnotes":""},"categories":[31],"tags":[46,12,45,22,42],"class_list":["post-378","post","type-post","status-publish","format-standard","has-post-thumbnail","hentry","category-orriols","tag-barri","tag-experiencias","tag-orriols","tag-reflexions","tag-vinculacion"],"_links":{"self":[{"href":"https:\/\/educacio-valencia.es\/explora-el-teu-barri\/wp-json\/wp\/v2\/posts\/378","targetHints":{"allow":["GET"]}}],"collection":[{"href":"https:\/\/educacio-valencia.es\/explora-el-teu-barri\/wp-json\/wp\/v2\/posts"}],"about":[{"href":"https:\/\/educacio-valencia.es\/explora-el-teu-barri\/wp-json\/wp\/v2\/types\/post"}],"author":[{"embeddable":true,"href":"https:\/\/educacio-valencia.es\/explora-el-teu-barri\/wp-json\/wp\/v2\/users\/1"}],"replies":[{"embeddable":true,"href":"https:\/\/educacio-valencia.es\/explora-el-teu-barri\/wp-json\/wp\/v2\/comments?post=378"}],"version-history":[{"count":1,"href":"https:\/\/educacio-valencia.es\/explora-el-teu-barri\/wp-json\/wp\/v2\/posts\/378\/revisions"}],"predecessor-version":[{"id":381,"href":"https:\/\/educacio-valencia.es\/explora-el-teu-barri\/wp-json\/wp\/v2\/posts\/378\/revisions\/381"}],"wp:featuredmedia":[{"embeddable":true,"href":"https:\/\/educacio-valencia.es\/explora-el-teu-barri\/wp-json\/wp\/v2\/media\/379"}],"wp:attachment":[{"href":"https:\/\/educacio-valencia.es\/explora-el-teu-barri\/wp-json\/wp\/v2\/media?parent=378"}],"wp:term":[{"taxonomy":"category","embeddable":true,"href":"https:\/\/educacio-valencia.es\/explora-el-teu-barri\/wp-json\/wp\/v2\/categories?post=378"},{"taxonomy":"post_tag","embeddable":true,"href":"https:\/\/educacio-valencia.es\/explora-el-teu-barri\/wp-json\/wp\/v2\/tags?post=378"}],"curies":[{"name":"wp","href":"https:\/\/api.w.org\/{rel}","templated":true}]}}