{"id":1438,"date":"2022-06-21T11:12:19","date_gmt":"2022-06-21T11:12:19","guid":{"rendered":"https:\/\/educacio-valencia.es\/explora-el-teu-barri\/?p=1438"},"modified":"2022-06-21T11:13:22","modified_gmt":"2022-06-21T11:13:22","slug":"carrers-de-colors-a-carpesa-volem-mes-ombra","status":"publish","type":"post","link":"https:\/\/educacio-valencia.es\/explora-el-teu-barri\/carrers-de-colors-a-carpesa-volem-mes-ombra","title":{"rendered":"Carrers de colors a Carpesa: volem m\u00e9s ombra!"},"content":{"rendered":"\n<p>Avui hem quedat per explorar Carpesa. Hem vingut m\u00e9s preparades que els dies anteriors, amb ombrel\u00b7les per protegir-nos del sol i visibilitzar aix\u00ed la mancan\u00e7a d&#8217;ombra, sobre tot a l&#8217;horta (que tant ens estimem per\u00f2 on sempre ens torrem). \u201cQu\u00e8 podem visitar?\u201d \u201cEl forn i la verduleria\u201d, proposa Joan, qui avui ens fa de guia perqu\u00e8 viu ac\u00ed. Ens posem en marxa i omplim els carrers de colors\u2026 <\/p>\n\n\n\n<figure class=\"wp-block-gallery has-nested-images columns-default is-cropped wp-block-gallery-2 is-layout-flex wp-block-gallery-is-layout-flex\">\n<figure class=\"wp-block-image size-large\"><img loading=\"lazy\" decoding=\"async\" width=\"2560\" height=\"1920\" data-id=\"1444\" src=\"https:\/\/educacio-valencia.es\/explora-el-teu-barri\/wp-content\/uploads\/2022\/06\/foto01-scaled.jpg\" alt=\"\" class=\"wp-image-1444\" srcset=\"https:\/\/educacio-valencia.es\/explora-el-teu-barri\/wp-content\/uploads\/2022\/06\/foto01-scaled.jpg 2560w, https:\/\/educacio-valencia.es\/explora-el-teu-barri\/wp-content\/uploads\/2022\/06\/foto01-300x225.jpg 300w, https:\/\/educacio-valencia.es\/explora-el-teu-barri\/wp-content\/uploads\/2022\/06\/foto01-1024x768.jpg 1024w, https:\/\/educacio-valencia.es\/explora-el-teu-barri\/wp-content\/uploads\/2022\/06\/foto01-768x576.jpg 768w, https:\/\/educacio-valencia.es\/explora-el-teu-barri\/wp-content\/uploads\/2022\/06\/foto01-1536x1152.jpg 1536w, https:\/\/educacio-valencia.es\/explora-el-teu-barri\/wp-content\/uploads\/2022\/06\/foto01-2048x1536.jpg 2048w\" sizes=\"auto, (max-width: 2560px) 100vw, 2560px\" \/><\/figure>\n<\/figure>\n\n\n\n<p>Una de les coses que diferencia Carpesa de la resta dels Pobles del Nord \u00e9s que ac\u00ed podem seure tranquil\u00b7lament enmig del carrer i posar-nos a jugar als cotxets. I no \u00e9s que les voreres siguen m\u00e9s amples, sin\u00f3 que de cam\u00ed al forn trobem uns quants carrers de vianants. Aix\u00ed dona gust passejar pel poble!! <\/p>\n\n\n\n<figure class=\"wp-block-image size-large\"><img loading=\"lazy\" decoding=\"async\" width=\"1024\" height=\"768\" src=\"https:\/\/educacio-valencia.es\/explora-el-teu-barri\/wp-content\/uploads\/2022\/06\/foto02-1024x768.jpg\" alt=\"\" class=\"wp-image-1439\" srcset=\"https:\/\/educacio-valencia.es\/explora-el-teu-barri\/wp-content\/uploads\/2022\/06\/foto02-1024x768.jpg 1024w, https:\/\/educacio-valencia.es\/explora-el-teu-barri\/wp-content\/uploads\/2022\/06\/foto02-300x225.jpg 300w, https:\/\/educacio-valencia.es\/explora-el-teu-barri\/wp-content\/uploads\/2022\/06\/foto02-768x576.jpg 768w, https:\/\/educacio-valencia.es\/explora-el-teu-barri\/wp-content\/uploads\/2022\/06\/foto02-1536x1152.jpg 1536w, https:\/\/educacio-valencia.es\/explora-el-teu-barri\/wp-content\/uploads\/2022\/06\/foto02-2048x1536.jpg 2048w\" sizes=\"auto, (max-width: 1024px) 100vw, 1024px\" \/><\/figure>\n\n\n\n<p>Quan arribem a la verduleria que ens indica Joan, ens n\u2019adonem que des de fora no sembla una tenda\u2026 \u201cSegur que \u00e9s ac\u00ed, la verduleria?\u201d De fet, quan Amparo i Conxa ens obrin les portes no veiem la verdura per cap lloc\u2026. ens trobem amb un pati enorme amb una palmera, fils amb roba estesa, un munt d\u2019eines per al camp i moltes coses m\u00e9s\u2026 ens expliquen que un cop a la setmana all\u00e0 fan el repartiment de les caixes de verdures ecol\u00f2giques de producci\u00f3 pr\u00f2pia. \u00c9s un event setmanal on, a m\u00e9s de recollir el menjar per a casa, la clientela gaudeix d\u2019una estona xerrant amb el ve\u00efnat i, de pas, gaudint de les galetes, coques i mistela que les amfitriones solen preparar.<\/p>\n\n\n\n<p>Avui que no hi ha verdura, nosaltres gaudim d\u2019un ratet parlant amb elles, jugant als laberints entre les caixes buides de verdures i improvisant una batucada amb els bidons d\u2019aigua.<\/p>\n\n\n\n<figure class=\"wp-block-gallery has-nested-images columns-default is-cropped wp-block-gallery-3 is-layout-flex wp-block-gallery-is-layout-flex\">\n<figure class=\"wp-block-image size-large\"><img loading=\"lazy\" decoding=\"async\" width=\"1496\" height=\"2000\" data-id=\"1440\" src=\"https:\/\/educacio-valencia.es\/explora-el-teu-barri\/wp-content\/uploads\/2022\/06\/WhatsApp-Image-2022-06-13-at-6.11.34-PM-2.jpeg\" alt=\"\" class=\"wp-image-1440\" srcset=\"https:\/\/educacio-valencia.es\/explora-el-teu-barri\/wp-content\/uploads\/2022\/06\/WhatsApp-Image-2022-06-13-at-6.11.34-PM-2.jpeg 1496w, https:\/\/educacio-valencia.es\/explora-el-teu-barri\/wp-content\/uploads\/2022\/06\/WhatsApp-Image-2022-06-13-at-6.11.34-PM-2-224x300.jpeg 224w, https:\/\/educacio-valencia.es\/explora-el-teu-barri\/wp-content\/uploads\/2022\/06\/WhatsApp-Image-2022-06-13-at-6.11.34-PM-2-766x1024.jpeg 766w, https:\/\/educacio-valencia.es\/explora-el-teu-barri\/wp-content\/uploads\/2022\/06\/WhatsApp-Image-2022-06-13-at-6.11.34-PM-2-768x1027.jpeg 768w, https:\/\/educacio-valencia.es\/explora-el-teu-barri\/wp-content\/uploads\/2022\/06\/WhatsApp-Image-2022-06-13-at-6.11.34-PM-2-1149x1536.jpeg 1149w\" sizes=\"auto, (max-width: 1496px) 100vw, 1496px\" \/><\/figure>\n\n\n\n<figure class=\"wp-block-image size-large\"><img loading=\"lazy\" decoding=\"async\" width=\"2560\" height=\"1920\" data-id=\"1442\" src=\"https:\/\/educacio-valencia.es\/explora-el-teu-barri\/wp-content\/uploads\/2022\/06\/foto03-scaled.jpg\" alt=\"\" class=\"wp-image-1442\" srcset=\"https:\/\/educacio-valencia.es\/explora-el-teu-barri\/wp-content\/uploads\/2022\/06\/foto03-scaled.jpg 2560w, https:\/\/educacio-valencia.es\/explora-el-teu-barri\/wp-content\/uploads\/2022\/06\/foto03-300x225.jpg 300w, https:\/\/educacio-valencia.es\/explora-el-teu-barri\/wp-content\/uploads\/2022\/06\/foto03-1024x768.jpg 1024w, https:\/\/educacio-valencia.es\/explora-el-teu-barri\/wp-content\/uploads\/2022\/06\/foto03-768x576.jpg 768w, https:\/\/educacio-valencia.es\/explora-el-teu-barri\/wp-content\/uploads\/2022\/06\/foto03-1536x1152.jpg 1536w, https:\/\/educacio-valencia.es\/explora-el-teu-barri\/wp-content\/uploads\/2022\/06\/foto03-2048x1536.jpg 2048w\" sizes=\"auto, (max-width: 2560px) 100vw, 2560px\" \/><\/figure>\n\n\n\n<figure class=\"wp-block-image size-large\"><img loading=\"lazy\" decoding=\"async\" width=\"1920\" height=\"2560\" data-id=\"1443\" src=\"https:\/\/educacio-valencia.es\/explora-el-teu-barri\/wp-content\/uploads\/2022\/06\/foto04-scaled.jpg\" alt=\"\" class=\"wp-image-1443\" srcset=\"https:\/\/educacio-valencia.es\/explora-el-teu-barri\/wp-content\/uploads\/2022\/06\/foto04-scaled.jpg 1920w, https:\/\/educacio-valencia.es\/explora-el-teu-barri\/wp-content\/uploads\/2022\/06\/foto04-225x300.jpg 225w, https:\/\/educacio-valencia.es\/explora-el-teu-barri\/wp-content\/uploads\/2022\/06\/foto04-768x1024.jpg 768w, https:\/\/educacio-valencia.es\/explora-el-teu-barri\/wp-content\/uploads\/2022\/06\/foto04-1152x1536.jpg 1152w, https:\/\/educacio-valencia.es\/explora-el-teu-barri\/wp-content\/uploads\/2022\/06\/foto04-1536x2048.jpg 1536w\" sizes=\"auto, (max-width: 1920px) 100vw, 1920px\" \/><\/figure>\n<\/figure>\n\n\n\n<p>Des d\u2019all\u00e0, ens n\u2019anem a esmorzar al parc. Els \u00fanics banquets amb ombra estan molt bruts i apegalosos per les flors de les xicrandes, aix\u00ed que ens constru\u00efm una cabana baix del tobogan amb l\u2019ajuda de les ombrel\u00b7les. <\/p>\n\n\n\n<figure class=\"wp-block-gallery has-nested-images columns-default is-cropped wp-block-gallery-4 is-layout-flex wp-block-gallery-is-layout-flex\">\n<figure class=\"wp-block-image size-large\"><img loading=\"lazy\" decoding=\"async\" width=\"2560\" height=\"1920\" data-id=\"1445\" src=\"https:\/\/educacio-valencia.es\/explora-el-teu-barri\/wp-content\/uploads\/2022\/06\/foto-06-1-scaled.jpg\" alt=\"\" class=\"wp-image-1445\" srcset=\"https:\/\/educacio-valencia.es\/explora-el-teu-barri\/wp-content\/uploads\/2022\/06\/foto-06-1-scaled.jpg 2560w, https:\/\/educacio-valencia.es\/explora-el-teu-barri\/wp-content\/uploads\/2022\/06\/foto-06-1-300x225.jpg 300w, https:\/\/educacio-valencia.es\/explora-el-teu-barri\/wp-content\/uploads\/2022\/06\/foto-06-1-1024x768.jpg 1024w, https:\/\/educacio-valencia.es\/explora-el-teu-barri\/wp-content\/uploads\/2022\/06\/foto-06-1-768x576.jpg 768w, https:\/\/educacio-valencia.es\/explora-el-teu-barri\/wp-content\/uploads\/2022\/06\/foto-06-1-1536x1152.jpg 1536w, https:\/\/educacio-valencia.es\/explora-el-teu-barri\/wp-content\/uploads\/2022\/06\/foto-06-1-2048x1536.jpg 2048w\" sizes=\"auto, (max-width: 2560px) 100vw, 2560px\" \/><\/figure>\n\n\n\n<figure class=\"wp-block-image size-large\"><img loading=\"lazy\" decoding=\"async\" width=\"2560\" height=\"1920\" data-id=\"1441\" src=\"https:\/\/educacio-valencia.es\/explora-el-teu-barri\/wp-content\/uploads\/2022\/06\/foto-05-1-1-scaled.jpg\" alt=\"\" class=\"wp-image-1441\" srcset=\"https:\/\/educacio-valencia.es\/explora-el-teu-barri\/wp-content\/uploads\/2022\/06\/foto-05-1-1-scaled.jpg 2560w, https:\/\/educacio-valencia.es\/explora-el-teu-barri\/wp-content\/uploads\/2022\/06\/foto-05-1-1-300x225.jpg 300w, https:\/\/educacio-valencia.es\/explora-el-teu-barri\/wp-content\/uploads\/2022\/06\/foto-05-1-1-1024x768.jpg 1024w, https:\/\/educacio-valencia.es\/explora-el-teu-barri\/wp-content\/uploads\/2022\/06\/foto-05-1-1-768x576.jpg 768w, https:\/\/educacio-valencia.es\/explora-el-teu-barri\/wp-content\/uploads\/2022\/06\/foto-05-1-1-1536x1152.jpg 1536w, https:\/\/educacio-valencia.es\/explora-el-teu-barri\/wp-content\/uploads\/2022\/06\/foto-05-1-1-2048x1536.jpg 2048w\" sizes=\"auto, (max-width: 2560px) 100vw, 2560px\" \/><\/figure>\n<\/figure>\n\n\n\n<p>Despr\u00e9s d\u2019esmorzar, mentre li deixem un missatge a Fava per si passa per all\u00e0, arriben Sim\u00f3 i Dario, els nostres amics carpesans que ens faran una volta per l\u2019horta. Sim\u00f3 ens porta a con\u00e8ixer els racons que m\u00e9s li agraden: una figuera en forma de rinoceront i la torre de les casetes de les rates penades. I amb aix\u00f2, se\u2019ns fa hora de tornar a la pla\u00e7a on ja ens esperen les fam\u00edlies! <\/p>\n\n\n\n<figure class=\"wp-block-gallery has-nested-images columns-default is-cropped wp-block-gallery-5 is-layout-flex wp-block-gallery-is-layout-flex\">\n<figure class=\"wp-block-image size-large\"><img loading=\"lazy\" decoding=\"async\" width=\"1496\" height=\"2000\" data-id=\"1449\" src=\"https:\/\/educacio-valencia.es\/explora-el-teu-barri\/wp-content\/uploads\/2022\/06\/WhatsApp-Image-2022-06-21-at-1.09.03-PM.jpeg\" alt=\"\" class=\"wp-image-1449\" srcset=\"https:\/\/educacio-valencia.es\/explora-el-teu-barri\/wp-content\/uploads\/2022\/06\/WhatsApp-Image-2022-06-21-at-1.09.03-PM.jpeg 1496w, https:\/\/educacio-valencia.es\/explora-el-teu-barri\/wp-content\/uploads\/2022\/06\/WhatsApp-Image-2022-06-21-at-1.09.03-PM-224x300.jpeg 224w, https:\/\/educacio-valencia.es\/explora-el-teu-barri\/wp-content\/uploads\/2022\/06\/WhatsApp-Image-2022-06-21-at-1.09.03-PM-766x1024.jpeg 766w, https:\/\/educacio-valencia.es\/explora-el-teu-barri\/wp-content\/uploads\/2022\/06\/WhatsApp-Image-2022-06-21-at-1.09.03-PM-768x1027.jpeg 768w, https:\/\/educacio-valencia.es\/explora-el-teu-barri\/wp-content\/uploads\/2022\/06\/WhatsApp-Image-2022-06-21-at-1.09.03-PM-1149x1536.jpeg 1149w\" sizes=\"auto, (max-width: 1496px) 100vw, 1496px\" \/><\/figure>\n\n\n\n<figure class=\"wp-block-image size-large\"><img loading=\"lazy\" decoding=\"async\" width=\"1496\" height=\"2000\" data-id=\"1448\" src=\"https:\/\/educacio-valencia.es\/explora-el-teu-barri\/wp-content\/uploads\/2022\/06\/WhatsApp-Image-2022-06-13-at-6.11.34-PM-1.jpeg\" alt=\"\" class=\"wp-image-1448\" srcset=\"https:\/\/educacio-valencia.es\/explora-el-teu-barri\/wp-content\/uploads\/2022\/06\/WhatsApp-Image-2022-06-13-at-6.11.34-PM-1.jpeg 1496w, https:\/\/educacio-valencia.es\/explora-el-teu-barri\/wp-content\/uploads\/2022\/06\/WhatsApp-Image-2022-06-13-at-6.11.34-PM-1-224x300.jpeg 224w, https:\/\/educacio-valencia.es\/explora-el-teu-barri\/wp-content\/uploads\/2022\/06\/WhatsApp-Image-2022-06-13-at-6.11.34-PM-1-766x1024.jpeg 766w, https:\/\/educacio-valencia.es\/explora-el-teu-barri\/wp-content\/uploads\/2022\/06\/WhatsApp-Image-2022-06-13-at-6.11.34-PM-1-768x1027.jpeg 768w, https:\/\/educacio-valencia.es\/explora-el-teu-barri\/wp-content\/uploads\/2022\/06\/WhatsApp-Image-2022-06-13-at-6.11.34-PM-1-1149x1536.jpeg 1149w\" sizes=\"auto, (max-width: 1496px) 100vw, 1496px\" \/><\/figure>\n\n\n\n<figure class=\"wp-block-image size-large\"><img loading=\"lazy\" decoding=\"async\" width=\"2560\" height=\"1920\" data-id=\"1446\" src=\"https:\/\/educacio-valencia.es\/explora-el-teu-barri\/wp-content\/uploads\/2022\/06\/foto-08-scaled.jpg\" alt=\"\" class=\"wp-image-1446\" srcset=\"https:\/\/educacio-valencia.es\/explora-el-teu-barri\/wp-content\/uploads\/2022\/06\/foto-08-scaled.jpg 2560w, https:\/\/educacio-valencia.es\/explora-el-teu-barri\/wp-content\/uploads\/2022\/06\/foto-08-300x225.jpg 300w, https:\/\/educacio-valencia.es\/explora-el-teu-barri\/wp-content\/uploads\/2022\/06\/foto-08-1024x768.jpg 1024w, https:\/\/educacio-valencia.es\/explora-el-teu-barri\/wp-content\/uploads\/2022\/06\/foto-08-768x576.jpg 768w, https:\/\/educacio-valencia.es\/explora-el-teu-barri\/wp-content\/uploads\/2022\/06\/foto-08-1536x1152.jpg 1536w, https:\/\/educacio-valencia.es\/explora-el-teu-barri\/wp-content\/uploads\/2022\/06\/foto-08-2048x1536.jpg 2048w\" sizes=\"auto, (max-width: 2560px) 100vw, 2560px\" \/><\/figure>\n<\/figure>\n","protected":false},"excerpt":{"rendered":"<p>Avui hem quedat per explorar Carpesa. Hem vingut m\u00e9s preparades que els dies anteriors, amb ombrel\u00b7les per protegir-nos del sol i visibilitzar aix\u00ed la mancan\u00e7a d&#8217;ombra, sobre tot a l&#8217;horta (que tant ens estimem per\u00f2 on sempre ens torrem). \u201cQu\u00e8 podem visitar?\u201d \u201cEl forn i la verduleria\u201d, proposa Joan, qui <a href=\"https:\/\/educacio-valencia.es\/explora-el-teu-barri\/carrers-de-colors-a-carpesa-volem-mes-ombra\" class=\"btn-link\">Seguir leyendo<i class=\"ion-ios-arrow-right\"><\/i><\/a><\/p>\n","protected":false},"author":1,"featured_media":1447,"comment_status":"open","ping_status":"open","sticky":false,"template":"","format":"standard","meta":{"ngg_post_thumbnail":0,"footnotes":""},"categories":[136],"tags":[],"class_list":["post-1438","post","type-post","status-publish","format-standard","has-post-thumbnail","hentry","category-pobles-del-nord"],"_links":{"self":[{"href":"https:\/\/educacio-valencia.es\/explora-el-teu-barri\/wp-json\/wp\/v2\/posts\/1438","targetHints":{"allow":["GET"]}}],"collection":[{"href":"https:\/\/educacio-valencia.es\/explora-el-teu-barri\/wp-json\/wp\/v2\/posts"}],"about":[{"href":"https:\/\/educacio-valencia.es\/explora-el-teu-barri\/wp-json\/wp\/v2\/types\/post"}],"author":[{"embeddable":true,"href":"https:\/\/educacio-valencia.es\/explora-el-teu-barri\/wp-json\/wp\/v2\/users\/1"}],"replies":[{"embeddable":true,"href":"https:\/\/educacio-valencia.es\/explora-el-teu-barri\/wp-json\/wp\/v2\/comments?post=1438"}],"version-history":[{"count":3,"href":"https:\/\/educacio-valencia.es\/explora-el-teu-barri\/wp-json\/wp\/v2\/posts\/1438\/revisions"}],"predecessor-version":[{"id":1455,"href":"https:\/\/educacio-valencia.es\/explora-el-teu-barri\/wp-json\/wp\/v2\/posts\/1438\/revisions\/1455"}],"wp:featuredmedia":[{"embeddable":true,"href":"https:\/\/educacio-valencia.es\/explora-el-teu-barri\/wp-json\/wp\/v2\/media\/1447"}],"wp:attachment":[{"href":"https:\/\/educacio-valencia.es\/explora-el-teu-barri\/wp-json\/wp\/v2\/media?parent=1438"}],"wp:term":[{"taxonomy":"category","embeddable":true,"href":"https:\/\/educacio-valencia.es\/explora-el-teu-barri\/wp-json\/wp\/v2\/categories?post=1438"},{"taxonomy":"post_tag","embeddable":true,"href":"https:\/\/educacio-valencia.es\/explora-el-teu-barri\/wp-json\/wp\/v2\/tags?post=1438"}],"curies":[{"name":"wp","href":"https:\/\/api.w.org\/{rel}","templated":true}]}}