{"id":44455,"date":"2025-07-03T13:44:52","date_gmt":"2025-07-03T11:44:52","guid":{"rendered":"https:\/\/educacio-valencia.es\/?p=44455"},"modified":"2025-11-19T11:13:12","modified_gmt":"2025-11-19T10:13:12","slug":"abierto-el-plazo-para-solicitar-la-participacion-en-las-actividades-educativas-municipales-para-el-curso-escolar-2025-2026-2","status":"publish","type":"post","link":"https:\/\/educacio-valencia.es\/es\/abierto-el-plazo-para-solicitar-la-participacion-en-las-actividades-educativas-municipales-para-el-curso-escolar-2025-2026-2\/","title":{"rendered":"Val\u00e8ncia acerca la m\u00fasica en los centros escolares en la Semana de la Ciudad Educadora"},"content":{"rendered":"<p><div class=\"fusion-fullwidth fullwidth-box fusion-builder-row-1 fusion-flex-container nonhundred-percent-fullwidth non-hundred-percent-height-scrolling\" style=\"background-color: rgba(255,255,255,0);background-position: center center;background-repeat: no-repeat;border-width: 0px 0px 0px 0px;border-color:#eae9e9;border-style:solid;\" ><div class=\"fusion-builder-row fusion-row fusion-flex-align-items-flex-start\" style=\"max-width:5083.52px;margin-left: calc(-4% \/ 2 );margin-right: calc(-4% \/ 2 );\"><div class=\"fusion-layout-column fusion_builder_column fusion-builder-column-0 fusion_builder_column_1_1 1_1 fusion-flex-column\"><div class=\"fusion-column-wrapper fusion-flex-justify-content-flex-start fusion-content-layout-column\" style=\"background-position:left top;background-repeat:no-repeat;-webkit-background-size:cover;-moz-background-size:cover;-o-background-size:cover;background-size:cover;padding: 0px 0px 0px 0px;\"><div ><span class=\" fusion-imageframe imageframe-none imageframe-1 hover-type-none\"><img width=\"2953\" height=\"1661\" title=\"1129 Ple infantil\" src=\"https:\/\/educacio-valencia.es\/wp-content\/uploads\/2025\/07\/1129-Ple-infantil.png\" class=\"img-responsive wp-image-45813\" srcset=\"https:\/\/educacio-valencia.es\/wp-content\/uploads\/2025\/07\/1129-Ple-infantil-200x112.png 200w, https:\/\/educacio-valencia.es\/wp-content\/uploads\/2025\/07\/1129-Ple-infantil-400x225.png 400w, https:\/\/educacio-valencia.es\/wp-content\/uploads\/2025\/07\/1129-Ple-infantil-600x337.png 600w, https:\/\/educacio-valencia.es\/wp-content\/uploads\/2025\/07\/1129-Ple-infantil-800x450.png 800w, https:\/\/educacio-valencia.es\/wp-content\/uploads\/2025\/07\/1129-Ple-infantil-1200x675.png 1200w, https:\/\/educacio-valencia.es\/wp-content\/uploads\/2025\/07\/1129-Ple-infantil.png 2953w\" sizes=\"(max-width: 1024px) 100vw, (max-width: 640px) 100vw, 2953px\" \/><\/span><\/div><\/div><\/div><style type=\"text\/css\">.fusion-body .fusion-builder-column-0{width:100% !important;margin-top : 0px;margin-bottom : 20px;}.fusion-builder-column-0 > .fusion-column-wrapper {padding-top : 0px !important;padding-right : 0px !important;margin-right : 1.92%;padding-bottom : 0px !important;padding-left : 0px !important;margin-left : 1.92%;}@media only screen and (max-width:1024px) {.fusion-body .fusion-builder-column-0{width:100% !important;order : 0;}.fusion-builder-column-0 > .fusion-column-wrapper {margin-right : 1.92%;margin-left : 1.92%;}}@media only screen and (max-width:640px) {.fusion-body .fusion-builder-column-0{width:100% !important;order : 0;}.fusion-builder-column-0 > .fusion-column-wrapper {margin-right : 1.92%;margin-left : 1.92%;}}<\/style><\/div><style type=\"text\/css\">.fusion-body .fusion-flex-container.fusion-builder-row-1{ padding-top : 0px;margin-top : 0px;padding-right : 0px;padding-bottom : 0px;margin-bottom : 0px;padding-left : 0px;}<\/style><\/div><div class=\"fusion-fullwidth fullwidth-box fusion-builder-row-2 fusion-flex-container nonhundred-percent-fullwidth non-hundred-percent-height-scrolling\" style=\"background-color: rgba(255,255,255,0);background-position: center center;background-repeat: no-repeat;border-width: 0px 0px 0px 0px;border-color:#eae9e9;border-style:solid;\" ><div class=\"fusion-builder-row fusion-row fusion-flex-align-items-flex-start\" style=\"max-width:5083.52px;margin-left: calc(-4% \/ 2 );margin-right: calc(-4% \/ 2 );\"><div class=\"fusion-layout-column fusion_builder_column fusion-builder-column-1 fusion_builder_column_1_2 1_2 fusion-flex-column\"><div class=\"fusion-column-wrapper fusion-flex-justify-content-flex-start fusion-content-layout-column\" style=\"background-position:left top;background-repeat:no-repeat;-webkit-background-size:cover;-moz-background-size:cover;-o-background-size:cover;background-size:cover;padding: 0px 0px 0px 0px;\"><div class=\"fusion-text fusion-text-1\" style=\"transform:translate3d(0,0,0);\"><ul>\n<li>Se trata de una celebraci\u00f3n anual con motivo del <strong>D\u00eda Internacional de la Ciudad Educadora<\/strong>, que se conmemora cada 30 de noviembre.<\/li>\n<li>La programaci\u00f3n contempla, del<strong> 24 al 30 de noviembre<\/strong>, <strong>actividades gratuitas<\/strong> como <strong>conciertos did\u00e1cticos, rutas culturales y un Pleno infantil en el Ayuntamiento.<\/strong><\/li>\n<li>La concejala de Educaci\u00f3n, Roc\u00edo Gil, ha destacado que el objetivo \u201ces promover la implicaci\u00f3n de la infancia y la juventud en la vida de la ciudad, as\u00ed como reforzar el papel de Val\u00e8ncia como referente en educaci\u00f3n, cultura y participaci\u00f3n social\u201d<\/li>\n<\/ul>\n<p>El Ayuntamiento de Val\u00e8ncia, a trav\u00e9s de la Concejal\u00eda de Educaci\u00f3n, celebrar\u00e1, del 24 al 30 de noviembre,<a href=\"https:\/\/educacio-valencia.es\/wp-content\/uploads\/2025\/11\/Programa-General-Castellano.pdf\"> la Semana de la Ciudad Educadora 2025 con una amplia programaci\u00f3n de actividades<\/a> dirigidas a la comunidad educativa y a la ciudadan\u00eda en general.<\/p>\n<p>Se trata de una celebraci\u00f3n anual con motivo del D\u00eda Internacional de la Ciudad Educadora, que se conmemora cada 30 de noviembre, y el lema del cual para esta edici\u00f3n es \u201cLa participaci\u00f3n de la infancia en la Ciudad Educadora\u201d.<\/p>\n<p>En concreto, del 24 al 30 de noviembre, se ofrecer\u00e1n un conjunto de actividades entre las cuales destacan conciertos did\u00e1cticos de las bandas de los barrios de los centros escolares para fomentar la importancia de la educaci\u00f3n musical y dar a conocer su valor art\u00edstico y social. Adem\u00e1s, se realizar\u00e1 una audici\u00f3n interactiva mediante la percusi\u00f3n; una sesi\u00f3n participativa del proyecto Escuelas CREA; un itinerario por el centro hist\u00f3rico sobre las leyendas de Val\u00e8ncia que han perdurado a lo largo de los a\u00f1os y situ\u00e1ndolas donde tuvieron lugar; o una ruta por la Liga de los Grafitis.<\/p>\n<p>La concejala de Educaci\u00f3n, Roc\u00edo Gil, ha destacado que el objetivo de esta celebraci\u00f3n \u201ces promover la implicaci\u00f3n de la infancia y la juventud en la vida de la ciudad, as\u00ed como reforzar el papel de Val\u00e8ncia como referente en educaci\u00f3n, cultura y participaci\u00f3n social\u201d.<\/p>\n<\/div><\/div><\/div><style type=\"text\/css\">.fusion-body .fusion-builder-column-1{width:50% !important;margin-top : 0px;margin-bottom : 20px;}.fusion-builder-column-1 > .fusion-column-wrapper {padding-top : 0px !important;padding-right : 0px !important;margin-right : 3.84%;padding-bottom : 0px !important;padding-left : 0px !important;margin-left : 3.84%;}@media only screen and (max-width:1024px) {.fusion-body .fusion-builder-column-1{width:100% !important;order : 0;}.fusion-builder-column-1 > .fusion-column-wrapper {margin-right : 1.92%;margin-left : 1.92%;}}@media only screen and (max-width:640px) {.fusion-body .fusion-builder-column-1{width:100% !important;order : 0;}.fusion-builder-column-1 > .fusion-column-wrapper {margin-right : 1.92%;margin-left : 1.92%;}}<\/style><div class=\"fusion-layout-column fusion_builder_column fusion-builder-column-2 fusion_builder_column_1_2 1_2 fusion-flex-column\"><div class=\"fusion-column-wrapper fusion-flex-justify-content-flex-start fusion-content-layout-column\" style=\"background-position:left top;background-repeat:no-repeat;-webkit-background-size:cover;-moz-background-size:cover;-o-background-size:cover;background-size:cover;padding: 0px 0px 0px 0px;\"><div class=\"fusion-text fusion-text-2\" style=\"transform:translate3d(0,0,0);\"><p><strong>Calendario de actividades<\/strong><\/p>\n<p>La programaci\u00f3n de la <a href=\"https:\/\/educacio-valencia.es\/wp-content\/uploads\/2025\/11\/Programa-General-Castellano.pdf\">Semana de la Ciudad Educadora 2025<\/a> contempla propuestas musicales, culturales y art\u00edsticas en diferentes espacios municipales, que son gratuitas, pero que requieren inscripci\u00f3n previa.<\/p>\n<p>As\u00ed, el calendario empieza el d\u00eda <a href=\"https:\/\/educacio-valencia.es\/wp-content\/uploads\/2025\/11\/Audiciones-inividual.pdf\"><strong>24 de noviembre con la actuaci\u00f3n del grupo de percusi\u00f3n \u201cAmores\u201d<\/strong> <\/a>que ofrecer\u00e1 una audici\u00f3n interactiva en el <strong>Conservatorio Municipal Jos\u00e9 Iturbi<\/strong> a trav\u00e9s de diferentes instrumentos y artefactos, as\u00ed como el mismo cuerpo. Esta actividad est\u00e1 dirigida al alumnado de Infantil y Primaria (con una actuaci\u00f3n a las 11:00 horas y otra a las 12:30 horas para los centros con jornada intensiva) y Secundaria y Bachillerato (a las 9:30 horas).<\/p>\n<blockquote>\n<p>La<strong> inscripci\u00f3n previa es hasta el 19 de noviembre<\/strong> en el tel\u00e9fono 962 082 127 con una capacidad m\u00e1xima de 100 personas por centro educativo.<\/p>\n<\/blockquote>\n<p>El<a href=\"https:\/\/educacio-valencia.es\/wp-content\/uploads\/2025\/11\/Audiciones-inividual.pdf\"><strong> 25 y 26 de noviembre<\/strong> se desarrollar\u00e1n los<strong> conciertos did\u00e1cticos \u201cLa banda en tu cole\u201d<\/strong><\/a>, a cargo de las sociedades musicales Barrio de Malilla (para el alumnado y las familias del colegio Fernando de los R\u00edos en horario de 15:20 a 16:10 horas), CUMBRE de Benimaclet (para el colegio de Benimaclet en horario de 15:20 a 16:10 horas) y Ateneo Musical del Puerto (para el centro Profesor Santiago Grisol\u00eda y en horario de 15:20 a 16:10 horas), con el fin de acercar la m\u00fasica de banda en los centros escolares y a las familias.<\/p>\n<p>Tambi\u00e9n se han programado actividades para <strong>p\u00fablico adolescente y adulto<\/strong>, como la ruta<a href=\"https:\/\/educacio-valencia.es\/wp-content\/uploads\/2025\/11\/Leyendas-individual.pdf\"> \u201cRealidad y fantas\u00eda: historia y leyendas de Val\u00e8ncia\u201d, que se celebrar\u00e1 el 25 de noviembre de 17:00 a 18:30 horas<\/a> desde las Torres de los Serranos. Y el recorrido <a href=\"https:\/\/educacio-valencia.es\/wp-content\/uploads\/2025\/11\/Grafiti-individual.pdf\">\u201cLa ruta de los colores: grafiti y arte urbano en Val\u00e8ncia\u201d, programada para el 27 de noviembre<\/a> en el barrio de Monteolivete, que permitir\u00e1 apreciar el resultado de la Liga del Grafiti y conocer de cerca el trabajo de artistas urbanos y reflexionar sobre las nuevas expresiones del arte en la ciudad. Esta actividad se iniciar\u00e1 en la calle Pepita Samper a las 17:00 horas hasta las 18:30.<\/p>\n<blockquote>\n<p>Los dos itinerarios requieren<strong> inscripci\u00f3n previa hasta el 24 de noviembre<\/strong> en el tel\u00e9fono 962 082 146.<\/p>\n<\/blockquote>\n<p>El <strong>27 de noviembre<\/strong>, el CEIP Aserradero acoger\u00e1, a las 12:30 horas, una sesi\u00f3n participativa del proyecto Escuelas CREA, una iniciativa estrat\u00e9gica que articula la educaci\u00f3n, la creatividad y la transformaci\u00f3n social a trav\u00e9s de la m\u00fasica y las artes vivas, en coherencia directa con los ejes definidos en la estrategia Val\u00e8ncia Music City 2025-2030.<\/p>\n<p>Finalmente, el <strong>28 de noviembre<\/strong> se celebrar\u00e1 en el Hemiciclo del Ayuntamiento de Val\u00e8ncia el Pleno Extraordinario de Ni\u00f1os y Ni\u00f1as, en el cual el alumnado de varios centros escolares podr\u00e1 experimentar de primera mano la democracia participativa. El acto concluir\u00e1 con la actuaci\u00f3n de la Coral Juan Bautista Comes del Conservatorio Municipal Jos\u00e9 Iturbi.<\/p>\n<\/div><\/div><\/div><style type=\"text\/css\">.fusion-body .fusion-builder-column-2{width:50% !important;margin-top : 0px;margin-bottom : 20px;}.fusion-builder-column-2 > .fusion-column-wrapper {padding-top : 0px !important;padding-right : 0px !important;margin-right : 3.84%;padding-bottom : 0px !important;padding-left : 0px !important;margin-left : 3.84%;}@media only screen and (max-width:1024px) {.fusion-body .fusion-builder-column-2{width:100% !important;order : 0;}.fusion-builder-column-2 > .fusion-column-wrapper {margin-right : 1.92%;margin-left : 1.92%;}}@media only screen and (max-width:640px) {.fusion-body .fusion-builder-column-2{width:100% !important;order : 0;}.fusion-builder-column-2 > .fusion-column-wrapper {margin-right : 1.92%;margin-left : 1.92%;}}<\/style><\/div><style type=\"text\/css\">.fusion-body .fusion-flex-container.fusion-builder-row-2{ padding-top : 0px;margin-top : 0px;padding-right : 0px;padding-bottom : 0px;margin-bottom : 0px;padding-left : 0px;}<\/style><\/div><\/p>\n","protected":false},"excerpt":{"rendered":"","protected":false},"author":8,"featured_media":45813,"comment_status":"open","ping_status":"open","sticky":false,"template":"","format":"standard","meta":[],"categories":[118,154,1,140,138],"tags":[],"_links":{"self":[{"href":"https:\/\/educacio-valencia.es\/es\/wp-json\/wp\/v2\/posts\/44455"}],"collection":[{"href":"https:\/\/educacio-valencia.es\/es\/wp-json\/wp\/v2\/posts"}],"about":[{"href":"https:\/\/educacio-valencia.es\/es\/wp-json\/wp\/v2\/types\/post"}],"author":[{"embeddable":true,"href":"https:\/\/educacio-valencia.es\/es\/wp-json\/wp\/v2\/users\/8"}],"replies":[{"embeddable":true,"href":"https:\/\/educacio-valencia.es\/es\/wp-json\/wp\/v2\/comments?post=44455"}],"version-history":[{"count":8,"href":"https:\/\/educacio-valencia.es\/es\/wp-json\/wp\/v2\/posts\/44455\/revisions"}],"predecessor-version":[{"id":45839,"href":"https:\/\/educacio-valencia.es\/es\/wp-json\/wp\/v2\/posts\/44455\/revisions\/45839"}],"wp:featuredmedia":[{"embeddable":true,"href":"https:\/\/educacio-valencia.es\/es\/wp-json\/wp\/v2\/media\/45813"}],"wp:attachment":[{"href":"https:\/\/educacio-valencia.es\/es\/wp-json\/wp\/v2\/media?parent=44455"}],"wp:term":[{"taxonomy":"category","embeddable":true,"href":"https:\/\/educacio-valencia.es\/es\/wp-json\/wp\/v2\/categories?post=44455"},{"taxonomy":"post_tag","embeddable":true,"href":"https:\/\/educacio-valencia.es\/es\/wp-json\/wp\/v2\/tags?post=44455"}],"curies":[{"name":"wp","href":"https:\/\/api.w.org\/{rel}","templated":true}]}}