{"id":35505,"date":"2023-06-15T09:47:07","date_gmt":"2023-06-15T07:47:07","guid":{"rendered":"https:\/\/educacio-valencia.es\/?p=35505"},"modified":"2023-06-15T09:52:12","modified_gmt":"2023-06-15T07:52:12","slug":"residencias-artististicas-en-los-centros-educativos-curso-2022-2023","status":"publish","type":"post","link":"https:\/\/educacio-valencia.es\/es\/residencias-artististicas-en-los-centros-educativos-curso-2022-2023\/","title":{"rendered":"RESIDENCIAS ARTIST\u00cdSTICAS EN LOS CENTROS EDUCATIVOS CURSO 2022-2023"},"content":{"rendered":"<p>Durante el presente curso desde la Secci\u00f3n de Proyectos Educativos se han realizado m\u00faltiples acciones, una de ellas son las Residencias Art\u00edsticas en Centros Educativos.<\/p>\n<p>Se han concluido las 7, con una participaci\u00f3n de m\u00e1s de 230 alumnos\/as, 20 docentes y los 7 artistas seleccionados.<\/p>\n<p>Os dejamos un video resumen, esperamos que os guste.<\/p>\n<div class=\"video-shortcode\"><iframe title=\"Resid\u00e8ncies Art\u00edstiques en centres educatius 2022 - 2023\" width=\"1778\" height=\"1000\" src=\"https:\/\/www.youtube.com\/embed\/huzROFfl5kk?feature=oembed\" frameborder=\"0\" allow=\"accelerometer; autoplay; clipboard-write; encrypted-media; gyroscope; picture-in-picture; web-share\" allowfullscreen><\/iframe><\/div>\n<p>&nbsp;<\/p>\n","protected":false},"excerpt":{"rendered":"<p>Durante el presente curso desde la Secci\u00f3n de Proyectos Educativos se han realizado m\u00faltiples acciones, una de ellas son las Residencias Art\u00edsticas en Centros Educativos. Se han concluido las 7, con una participaci\u00f3n de m\u00e1s [&hellip;]<\/p>\n","protected":false},"author":8,"featured_media":31606,"comment_status":"open","ping_status":"open","sticky":false,"template":"","format":"standard","meta":[],"categories":[118,1,140,138],"tags":[],"_links":{"self":[{"href":"https:\/\/educacio-valencia.es\/es\/wp-json\/wp\/v2\/posts\/35505"}],"collection":[{"href":"https:\/\/educacio-valencia.es\/es\/wp-json\/wp\/v2\/posts"}],"about":[{"href":"https:\/\/educacio-valencia.es\/es\/wp-json\/wp\/v2\/types\/post"}],"author":[{"embeddable":true,"href":"https:\/\/educacio-valencia.es\/es\/wp-json\/wp\/v2\/users\/8"}],"replies":[{"embeddable":true,"href":"https:\/\/educacio-valencia.es\/es\/wp-json\/wp\/v2\/comments?post=35505"}],"version-history":[{"count":1,"href":"https:\/\/educacio-valencia.es\/es\/wp-json\/wp\/v2\/posts\/35505\/revisions"}],"predecessor-version":[{"id":35506,"href":"https:\/\/educacio-valencia.es\/es\/wp-json\/wp\/v2\/posts\/35505\/revisions\/35506"}],"wp:featuredmedia":[{"embeddable":true,"href":"https:\/\/educacio-valencia.es\/es\/wp-json\/wp\/v2\/media\/31606"}],"wp:attachment":[{"href":"https:\/\/educacio-valencia.es\/es\/wp-json\/wp\/v2\/media?parent=35505"}],"wp:term":[{"taxonomy":"category","embeddable":true,"href":"https:\/\/educacio-valencia.es\/es\/wp-json\/wp\/v2\/categories?post=35505"},{"taxonomy":"post_tag","embeddable":true,"href":"https:\/\/educacio-valencia.es\/es\/wp-json\/wp\/v2\/tags?post=35505"}],"curies":[{"name":"wp","href":"https:\/\/api.w.org\/{rel}","templated":true}]}}