{"id":35138,"date":"2023-05-10T14:08:28","date_gmt":"2023-05-10T12:08:28","guid":{"rendered":"https:\/\/educacio-valencia.es\/?p=35138"},"modified":"2023-05-10T14:08:28","modified_gmt":"2023-05-10T12:08:28","slug":"vii-encuentro-de-la-red-de-huertos-escolares-de-la-ciudad-de-valencia","status":"publish","type":"post","link":"https:\/\/educacio-valencia.es\/es\/vii-encuentro-de-la-red-de-huertos-escolares-de-la-ciudad-de-valencia\/","title":{"rendered":"VII ENCUENTRO DE LA RED DE HUERTOS ESCOLARES DE LA CIUDAD DE VAL\u00c8NCIA"},"content":{"rendered":"<p>El viernes 12 de mayo en las Escuelas San Jos\u00e9 Jesuitas\u00a0 tendr\u00e1 lugar el s\u00e9ptimo Encuentro de la Red de Huertos Escolares de la Ciudad de Val\u00e8ncia. Se trata de un encuentro organizado por el Servicio de Educaci\u00f3n del Ayuntamiento de Val\u00e8ncia en el cual compartiremos las experiencias de los huertos escolares de nuestra ciudad.<br \/>\nOs dejamos la programaci\u00f3n:<\/p>\n<p><strong><a href=\"https:\/\/educacio-valencia.es\/wp-content\/uploads\/2023\/05\/Cartel_-MAYO_encuentro-Cas-Val.pdf\">Programaci\u00f3n VII Encuentro de la Red de Huertos Escolares de la ciudad de Val\u00e8ncia<\/a><\/strong><\/p>\n","protected":false},"excerpt":{"rendered":"<p>El viernes 12 de mayo en las Escuelas San Jos\u00e9 Jesuitas\u00a0 tendr\u00e1 lugar el s\u00e9ptimo Encuentro de la Red de Huertos Escolares de la Ciudad de Val\u00e8ncia. Se trata de un encuentro organizado por el [&hellip;]<\/p>\n","protected":false},"author":8,"featured_media":35145,"comment_status":"open","ping_status":"open","sticky":false,"template":"","format":"standard","meta":[],"categories":[1],"tags":[],"_links":{"self":[{"href":"https:\/\/educacio-valencia.es\/es\/wp-json\/wp\/v2\/posts\/35138"}],"collection":[{"href":"https:\/\/educacio-valencia.es\/es\/wp-json\/wp\/v2\/posts"}],"about":[{"href":"https:\/\/educacio-valencia.es\/es\/wp-json\/wp\/v2\/types\/post"}],"author":[{"embeddable":true,"href":"https:\/\/educacio-valencia.es\/es\/wp-json\/wp\/v2\/users\/8"}],"replies":[{"embeddable":true,"href":"https:\/\/educacio-valencia.es\/es\/wp-json\/wp\/v2\/comments?post=35138"}],"version-history":[{"count":2,"href":"https:\/\/educacio-valencia.es\/es\/wp-json\/wp\/v2\/posts\/35138\/revisions"}],"predecessor-version":[{"id":35143,"href":"https:\/\/educacio-valencia.es\/es\/wp-json\/wp\/v2\/posts\/35138\/revisions\/35143"}],"wp:featuredmedia":[{"embeddable":true,"href":"https:\/\/educacio-valencia.es\/es\/wp-json\/wp\/v2\/media\/35145"}],"wp:attachment":[{"href":"https:\/\/educacio-valencia.es\/es\/wp-json\/wp\/v2\/media?parent=35138"}],"wp:term":[{"taxonomy":"category","embeddable":true,"href":"https:\/\/educacio-valencia.es\/es\/wp-json\/wp\/v2\/categories?post=35138"},{"taxonomy":"post_tag","embeddable":true,"href":"https:\/\/educacio-valencia.es\/es\/wp-json\/wp\/v2\/tags?post=35138"}],"curies":[{"name":"wp","href":"https:\/\/api.w.org\/{rel}","templated":true}]}}