{"id":29396,"date":"2021-09-06T09:31:33","date_gmt":"2021-09-06T07:31:33","guid":{"rendered":"https:\/\/educacio-valencia.es\/?p=29396"},"modified":"2021-09-06T09:31:33","modified_gmt":"2021-09-06T07:31:33","slug":"el-ayuntamiento-de-valencia-ofrece-a-los-centros-escolares-153-proyectos-educativos","status":"publish","type":"post","link":"https:\/\/educacio-valencia.es\/es\/el-ayuntamiento-de-valencia-ofrece-a-los-centros-escolares-153-proyectos-educativos\/","title":{"rendered":"El Ayuntamiento de Val\u00e8ncia ofrece a los centros escolares 153 proyectos educativos"},"content":{"rendered":"<p>La Concejal\u00eda de Educaci\u00f3n ha reforzado las propuestas educativas municipales para el curso 2021\/2022 con 30 nuevas actividades y proyectos: un total de 153 iniciativas, que del Ayuntamiento ofrece a todos los centros educativos de la ciudad para apoyar y complementar las tareas docentes que se imparten en las aulas y, de esta manera, multiplicar las oportunidades de aprendizaje del alumnado.<\/p>\n<p>Tienes m\u00e1s informaci\u00f3n en: <strong><a href=\"https:\/\/www.valencia.es\/val\/actualitat\/-\/content\/proyectos-educativos-2021-2022\">https:\/\/www.valencia.es\/val\/actualitat\/-\/content\/proyectos-educativos-2021-2022<\/a><\/strong><\/p>\n","protected":false},"excerpt":{"rendered":"<p>La Concejal\u00eda de Educaci\u00f3n ha reforzado las propuestas educativas municipales para el curso 2021\/2022 con 30 nuevas actividades y proyectos: un total de 153 iniciativas, que del Ayuntamiento ofrece a todos los centros educativos de [&hellip;]<\/p>\n","protected":false},"author":8,"featured_media":29399,"comment_status":"open","ping_status":"open","sticky":false,"template":"","format":"standard","meta":[],"categories":[118,1,140,138],"tags":[],"_links":{"self":[{"href":"https:\/\/educacio-valencia.es\/es\/wp-json\/wp\/v2\/posts\/29396"}],"collection":[{"href":"https:\/\/educacio-valencia.es\/es\/wp-json\/wp\/v2\/posts"}],"about":[{"href":"https:\/\/educacio-valencia.es\/es\/wp-json\/wp\/v2\/types\/post"}],"author":[{"embeddable":true,"href":"https:\/\/educacio-valencia.es\/es\/wp-json\/wp\/v2\/users\/8"}],"replies":[{"embeddable":true,"href":"https:\/\/educacio-valencia.es\/es\/wp-json\/wp\/v2\/comments?post=29396"}],"version-history":[{"count":1,"href":"https:\/\/educacio-valencia.es\/es\/wp-json\/wp\/v2\/posts\/29396\/revisions"}],"predecessor-version":[{"id":29397,"href":"https:\/\/educacio-valencia.es\/es\/wp-json\/wp\/v2\/posts\/29396\/revisions\/29397"}],"wp:featuredmedia":[{"embeddable":true,"href":"https:\/\/educacio-valencia.es\/es\/wp-json\/wp\/v2\/media\/29399"}],"wp:attachment":[{"href":"https:\/\/educacio-valencia.es\/es\/wp-json\/wp\/v2\/media?parent=29396"}],"wp:term":[{"taxonomy":"category","embeddable":true,"href":"https:\/\/educacio-valencia.es\/es\/wp-json\/wp\/v2\/categories?post=29396"},{"taxonomy":"post_tag","embeddable":true,"href":"https:\/\/educacio-valencia.es\/es\/wp-json\/wp\/v2\/tags?post=29396"}],"curies":[{"name":"wp","href":"https:\/\/api.w.org\/{rel}","templated":true}]}}