{"id":24853,"date":"2021-02-18T06:34:04","date_gmt":"2021-02-18T05:34:04","guid":{"rendered":"https:\/\/educacio-valencia.es\/stop-bullying-3\/"},"modified":"2021-06-10T10:13:57","modified_gmt":"2021-06-10T08:13:57","slug":"la-puerta-violeta","status":"publish","type":"post","link":"https:\/\/educacio-valencia.es\/es\/la-puerta-violeta\/","title":{"rendered":"La puerta violeta"},"content":{"rendered":"<div class=\"fusion-fullwidth fullwidth-box fusion-builder-row-1 nonhundred-percent-fullwidth non-hundred-percent-height-scrolling\" style=\"background-color: rgba(255,255,255,0);background-position: center center;background-repeat: no-repeat;padding-top:0px;padding-right:0px;padding-bottom:0px;padding-left:0px;margin-bottom: 0px;margin-top: 0px;border-width: 0px 0px 0px 0px;border-color:#eae9e9;border-style:solid;\" ><div class=\"fusion-builder-row fusion-row\"><div class=\"fusion-layout-column fusion_builder_column fusion-builder-column-0 fusion_builder_column_1_2 1_2 fusion-one-half fusion-column-first\" style=\"width:50%;width:calc(50% - ( ( 4% ) * 0.5 ) );margin-right: 4%;margin-top:0px;margin-bottom:20px;\"><div class=\"fusion-column-wrapper fusion-flex-column-wrapper-legacy\" style=\"background-position:left top;background-repeat:no-repeat;-webkit-background-size:cover;-moz-background-size:cover;-o-background-size:cover;background-size:cover;padding: 0px 0px 0px 0px;\"><img width=\"960\" height=\"540\" src=\"https:\/\/educacio-valencia.es\/wp-content\/uploads\/2020\/11\/Puerta-violeta.jpg\" class=\" wp-post-image\" alt=\"\" style=\"\" srcset=\"https:\/\/educacio-valencia.es\/wp-content\/uploads\/2020\/11\/Puerta-violeta-200x113.jpg 200w, https:\/\/educacio-valencia.es\/wp-content\/uploads\/2020\/11\/Puerta-violeta-300x169.jpg 300w, https:\/\/educacio-valencia.es\/wp-content\/uploads\/2020\/11\/Puerta-violeta-400x225.jpg 400w, https:\/\/educacio-valencia.es\/wp-content\/uploads\/2020\/11\/Puerta-violeta-600x338.jpg 600w, https:\/\/educacio-valencia.es\/wp-content\/uploads\/2020\/11\/Puerta-violeta-768x432.jpg 768w, https:\/\/educacio-valencia.es\/wp-content\/uploads\/2020\/11\/Puerta-violeta-800x450.jpg 800w, https:\/\/educacio-valencia.es\/wp-content\/uploads\/2020\/11\/Puerta-violeta.jpg 960w\" sizes=\"(max-width: 960px) 100vw, 960px\" \/><div class=\"fusion-clearfix\"><\/div><\/div><\/div><div class=\"fusion-layout-column fusion_builder_column fusion-builder-column-1 fusion_builder_column_1_2 1_2 fusion-one-half fusion-column-last\" style=\"width:50%;width:calc(50% - ( ( 4% ) * 0.5 ) );margin-top:0px;margin-bottom:20px;\"><div class=\"fusion-column-wrapper fusion-flex-column-wrapper-legacy\" style=\"background-position:left top;background-repeat:no-repeat;-webkit-background-size:cover;-moz-background-size:cover;-o-background-size:cover;background-size:cover;padding: 0px 0px 0px 0px;\"><div class=\"fusion-text fusion-text-1\" style=\"transform:translate3d(0,0,0);\"><p><strong>T\u00edtulo: \u201cLa puerta violeta\u201d<\/strong><\/p>\n<p><strong>Cantante:<\/strong> Rozal\u00e9n<\/p>\n<p><strong>Tem\u00e1tica:<\/strong> Violencia de g\u00e9nero<\/p>\n<p><strong>A\u00f1o:<\/strong> 2017<\/p>\n<p><strong>Duraci\u00f3n:<\/strong> 3\u201921\u2019\u2019<\/p>\n<p><strong>Idioma:<\/strong> Espa\u00f1ol<\/p>\n<p><strong>Sinopsis:<\/strong><\/p>\n<p>En esta gran canci\u00f3n, seg\u00fan las palabras de la autora, quiere \u201creivindicar la lucha contra la violencia de g\u00e9nero\u201d<\/p>\n<p>Rozal\u00e9n explica que \u201cLa puerta violeta\u201d naci\u00f3 en un momento delicado de su vida, que cuenta las cosas que ha vivido, y tambi\u00e9n las que ha vivido su familia.<\/p>\n<p>\u201cNecesitaba en ese momento pintar una puerta violeta, es el s\u00edmbolo del feminismo, que es sin\u00f3nimo de igualdad, que ya parece que todo el mundo se va dando cuenta, y es una portada contra la violencia machista y un deseo que otro mundo mejor es posible, pero realmente, entre iguales\u201d,<\/p>\n<p>\u201cEs liberaci\u00f3n despu\u00e9s de la represi\u00f3n, que es el que han y hemos vivido las mujeres todo el tiempo. Y seguimos\u201d.<\/p>\n<p>Esta canci\u00f3n se ha convertido en los \u00faltimos a\u00f1os en un himno contra la violencia de g\u00e9nero.<\/p>\n<p><strong>Enlaces:<\/strong><\/p>\n<p><span style=\"color: #0000ff;\"><strong><a style=\"color: #0000ff;\" href=\"https:\/\/www.youtube.com\/watch?v=gYyKuLV8A_c\" target=\"_blank\" rel=\"noopener\">La puerta violeta<\/a><\/strong><\/span><\/p>\n<p><a href=\"https:\/\/unapizcadeeducacion.com\/2019\/11\/19\/la-puerta-violeta\/\" target=\"_blank\" rel=\"noopener\"><strong><span style=\"color: #0000ff;\">Actividades<\/span><\/strong><\/a><\/p>\n<p><a href=\"https:\/\/unapizcadeeducacion.com\/wp-content\/uploads\/2019\/11\/KIT-PUERTA-VIOLETA.pdf\" target=\"_blank\" rel=\"noopener\"><strong><span style=\"color: #0000ff;\">Materiales<\/span><\/strong><\/a><\/p>\n<\/div><div class=\"fusion-sep-clear\"><\/div><div class=\"fusion-separator fusion-full-width-sep\" style=\"margin-left: auto;margin-right: auto;width:100%;\"><div class=\"fusion-separator-border sep-double\" style=\"border-color:#e0dede;border-top-width:1px;border-bottom-width:1px;\"><\/div><\/div><div class=\"fusion-sep-clear\"><\/div><div class=\"fusion-text fusion-text-2 fusion-text-split-columns fusion-text-columns-2\" style=\" -webkit-column-count:2; -webkit-column-gap:2em; -webkit-column-width:100px; -moz-column-count:2; -moz-column-gap:2em; -moz-column-width:100px; column-count:2; column-gap:2em; column-width:100px;transform:translate3d(0,0,0);\"><p><strong>Letra:<\/strong><\/p>\n<div class=\"bbVIQb\">\n<div class=\"ujudUb\">Una ni\u00f1a triste en el espejo me mira prudente y no quiere hablar<br \/>\nHay un monstruo gris en la cocina<br \/>\nQue lo rompe todo<br \/>\nQue no para de gritar<\/div>\n<div class=\"ujudUb\">Tengo una mano en el cuello<br \/>\nQue con sutileza me impide respirar<br \/>\nUna venda me tapa los ojos<br \/>\nPuedo oler el miedo y se acerca<\/div>\n<div class=\"ujudUb\">Tengo un nudo en las cuerdas que ensucia mi voz al cantar<br \/>\nTengo una culpa que me aprieta<br \/>\nSe posa en mis hombros y me cuesta andar<\/div>\n<div class=\"ujudUb\">Pero dibuj\u00e9 una puerta violeta en la pared<br \/>\nY al entrar me liber\u00e9<br \/>\nComo se despliega la vela de un barco<br \/>\nDespert\u00e9 en un prado verde<\/div>\n<div class=\"ujudUb\">muy lejos de aqu\u00ed<br \/>\nCorr\u00ed, grit\u00e9, re\u00ed<br \/>\nS\u00e9 lo que no quiero<br \/>\nAhora estoy a salvo<\/div>\n<\/div>\n<div class=\"bbVIQb\">\n<div class=\"ujudUb u7wWjf\" data-mh=\"-1\">Una flor que se marchita<br \/>\nUn \u00e1rbol que no crece porque no es su lugar<br \/>\nUn castigo que se me impone<br \/>\nUn verso que me tacha y me anula<br \/>\nTengo todo el cuerpo encadenado<br \/>\nLas manos agrietadas<br \/>\nMil arrugas en la piel<br \/>\nLas fantasmas hablan en la nuca<br \/>\nSe reabre la herida y me sangra<\/div>\n<div class=\"ujudUb xpdxpnd\" data-mh=\"44\" data-mhc=\"1\">Hay un jilguero en mi garganta que vuela con fuerza<br \/>\nTengo la necesidad de girar la llave y no mirar atr\u00e1s<\/div>\n<div class=\"ujudUb xpdxpnd\" data-mh=\"154\" data-mhc=\"1\">As\u00ed que dibuj\u00e9 una puerta violeta en la pared<br \/>\nY al entrar me liber\u00e9<br \/>\nComo se despliega la vela de un barco<br \/>\nDespert\u00e9 en un prado<\/div>\n<div class=\"ujudUb xpdxpnd\" data-mh=\"154\" data-mhc=\"1\">verde<\/div>\n<div class=\"ujudUb xpdxpnd\" data-mh=\"154\" data-mhc=\"1\">muy lejos de aqu\u00ed<br \/>\nCorr\u00ed, grit\u00e9, re\u00ed<br \/>\nS\u00e9 lo que no quiero<br \/>\nAhora estoy a salvo<\/div>\n<div class=\"ujudUb WRZytc xpdxpnd\" data-mh=\"154\" data-mhc=\"1\">As\u00ed que dibuj\u00e9 una puerta violeta en la pared<br \/>\nY al entrar me liber\u00e9<br \/>\nComo se despliega la vela de un barco<br \/>\nAmanec\u00ed en un prado<\/div>\n<div class=\"ujudUb WRZytc xpdxpnd\" data-mh=\"154\" data-mhc=\"1\">verde<\/div>\n<div class=\"ujudUb WRZytc xpdxpnd\" data-mh=\"154\" data-mhc=\"1\">muy lejos de aqu\u00ed<br \/>\nCorr\u00ed, grit\u00e9, re\u00ed<br \/>\nS\u00e9 lo que no quiero<br \/>\nAhora estoy a salvo<\/div>\n<\/div>\n<\/div><div class=\"fusion-clearfix\"><\/div><\/div><\/div><\/div><\/div>\n","protected":false},"excerpt":{"rendered":"","protected":false},"author":15,"featured_media":24861,"comment_status":"open","ping_status":"open","sticky":false,"template":"","format":"standard","meta":[],"categories":[176,185,180],"tags":[],"_links":{"self":[{"href":"https:\/\/educacio-valencia.es\/es\/wp-json\/wp\/v2\/posts\/24853"}],"collection":[{"href":"https:\/\/educacio-valencia.es\/es\/wp-json\/wp\/v2\/posts"}],"about":[{"href":"https:\/\/educacio-valencia.es\/es\/wp-json\/wp\/v2\/types\/post"}],"author":[{"embeddable":true,"href":"https:\/\/educacio-valencia.es\/es\/wp-json\/wp\/v2\/users\/15"}],"replies":[{"embeddable":true,"href":"https:\/\/educacio-valencia.es\/es\/wp-json\/wp\/v2\/comments?post=24853"}],"version-history":[{"count":6,"href":"https:\/\/educacio-valencia.es\/es\/wp-json\/wp\/v2\/posts\/24853\/revisions"}],"predecessor-version":[{"id":24883,"href":"https:\/\/educacio-valencia.es\/es\/wp-json\/wp\/v2\/posts\/24853\/revisions\/24883"}],"wp:featuredmedia":[{"embeddable":true,"href":"https:\/\/educacio-valencia.es\/es\/wp-json\/wp\/v2\/media\/24861"}],"wp:attachment":[{"href":"https:\/\/educacio-valencia.es\/es\/wp-json\/wp\/v2\/media?parent=24853"}],"wp:term":[{"taxonomy":"category","embeddable":true,"href":"https:\/\/educacio-valencia.es\/es\/wp-json\/wp\/v2\/categories?post=24853"},{"taxonomy":"post_tag","embeddable":true,"href":"https:\/\/educacio-valencia.es\/es\/wp-json\/wp\/v2\/tags?post=24853"}],"curies":[{"name":"wp","href":"https:\/\/api.w.org\/{rel}","templated":true}]}}