{"id":23836,"date":"2020-12-21T13:47:10","date_gmt":"2020-12-21T12:47:10","guid":{"rendered":"https:\/\/educacio-valencia.es\/?p=23836"},"modified":"2020-12-21T13:47:10","modified_gmt":"2020-12-21T12:47:10","slug":"lectura-de-la-nueva-carta-de-ciudades-educadoras-por-parte-del-equipo-de-gobierno-de-la-ciudad-de-valencia","status":"publish","type":"post","link":"https:\/\/educacio-valencia.es\/es\/lectura-de-la-nueva-carta-de-ciudades-educadoras-por-parte-del-equipo-de-gobierno-de-la-ciudad-de-valencia\/","title":{"rendered":"Lectura de la nueva carta de Ciudades Educadoras por parte del equipo de gobierno de la ciudad de Val\u00e8ncia"},"content":{"rendered":"<div>El equipo de gobierno de la ciudad de val\u00e8ncia, renueva su compromiso con los principios de las Ciudades Educadoras.<\/div>\n<div>La Carta es el documento fundacional de este movimiento internacional que promueve una visi\u00f3n de ciudad que sit\u00faa a la educaci\u00f3n como un vector de transformaci\u00f3n social y de mejora de la vida comunitaria.<\/div>\n<div>La carta actualizada continuar\u00e1 marcando el horizonte com\u00fan trazado en el a\u00f1o 1990 y conservando intactos sus valores originales, pero incorporando cuestiones relevantes a la luz de los nuevos retos y oportunidades que se presentan ya entrado el siglo XXI.<\/div>\n<div>Con este compromiso se hace visible a\u00fan m\u00e1s el papel creciente que juegan las ciudades, grandes y peque\u00f1as, comprometidas con la educaci\u00f3n a la hora de plantear soluciones locales a los desaf\u00edos globales.<\/div>\n<div><\/div>\n<div>Pod\u00e9is ver el v\u00eddeo en el siguiente enlace:<\/div>\n<div><\/div>\n<div><strong><a class=\"ytp-title-link yt-uix-sessionlink\" href=\"https:\/\/www.youtube.com\/watch?v=CVRfDxH26iQ\" target=\"_blank\" rel=\"noopener noreferrer\" data-sessionlink=\"feature=player-title\">Lectura de la nueva Carta de Ciudades Educadoras por el equipo de gobierno de la ciudad de Val\u00e8ncia<\/a><\/strong><\/div>\n<div><\/div>\n<div><\/div>\n<div><\/div>\n<div><\/div>\n<div><\/div>\n<div><\/div>\n<div><\/div>\n","protected":false},"excerpt":{"rendered":"<p>El equipo de gobierno de la ciudad de val\u00e8ncia, renueva su compromiso con los principios de las Ciudades Educadoras. La Carta es el documento fundacional de este movimiento internacional que promueve una visi\u00f3n de ciudad [&hellip;]<\/p>\n","protected":false},"author":8,"featured_media":23842,"comment_status":"open","ping_status":"open","sticky":false,"template":"","format":"standard","meta":[],"categories":[118,1,140,138],"tags":[],"_links":{"self":[{"href":"https:\/\/educacio-valencia.es\/es\/wp-json\/wp\/v2\/posts\/23836"}],"collection":[{"href":"https:\/\/educacio-valencia.es\/es\/wp-json\/wp\/v2\/posts"}],"about":[{"href":"https:\/\/educacio-valencia.es\/es\/wp-json\/wp\/v2\/types\/post"}],"author":[{"embeddable":true,"href":"https:\/\/educacio-valencia.es\/es\/wp-json\/wp\/v2\/users\/8"}],"replies":[{"embeddable":true,"href":"https:\/\/educacio-valencia.es\/es\/wp-json\/wp\/v2\/comments?post=23836"}],"version-history":[{"count":10,"href":"https:\/\/educacio-valencia.es\/es\/wp-json\/wp\/v2\/posts\/23836\/revisions"}],"predecessor-version":[{"id":23932,"href":"https:\/\/educacio-valencia.es\/es\/wp-json\/wp\/v2\/posts\/23836\/revisions\/23932"}],"wp:featuredmedia":[{"embeddable":true,"href":"https:\/\/educacio-valencia.es\/es\/wp-json\/wp\/v2\/media\/23842"}],"wp:attachment":[{"href":"https:\/\/educacio-valencia.es\/es\/wp-json\/wp\/v2\/media?parent=23836"}],"wp:term":[{"taxonomy":"category","embeddable":true,"href":"https:\/\/educacio-valencia.es\/es\/wp-json\/wp\/v2\/categories?post=23836"},{"taxonomy":"post_tag","embeddable":true,"href":"https:\/\/educacio-valencia.es\/es\/wp-json\/wp\/v2\/tags?post=23836"}],"curies":[{"name":"wp","href":"https:\/\/api.w.org\/{rel}","templated":true}]}}