{"id":20884,"date":"2020-06-24T14:16:37","date_gmt":"2020-06-24T12:16:37","guid":{"rendered":"https:\/\/educacio-valencia.es\/?p=20884"},"modified":"2021-06-11T12:10:37","modified_gmt":"2021-06-11T10:10:37","slug":"aprende-a-ser-feliz","status":"publish","type":"post","link":"https:\/\/educacio-valencia.es\/es\/aprende-a-ser-feliz\/","title":{"rendered":"Aprende a ser feliz"},"content":{"rendered":"<div class=\"fusion-fullwidth fullwidth-box fusion-builder-row-1 nonhundred-percent-fullwidth non-hundred-percent-height-scrolling\" style=\"background-color: rgba(255,255,255,0);background-position: center center;background-repeat: no-repeat;padding-top:0px;padding-right:0px;padding-bottom:0px;padding-left:0px;margin-bottom: 0px;margin-top: 0px;border-width: 0px 0px 0px 0px;border-color:#eae9e9;border-style:solid;\" ><div class=\"fusion-builder-row fusion-row\"><div class=\"fusion-layout-column fusion_builder_column fusion-builder-column-0 fusion_builder_column_1_2 1_2 fusion-one-half fusion-column-first\" style=\"width:50%;width:calc(50% - ( ( 4% ) * 0.5 ) );margin-right: 4%;margin-top:0px;margin-bottom:20px;\"><div class=\"fusion-column-wrapper fusion-flex-column-wrapper-legacy\" style=\"background-position:left top;background-repeat:no-repeat;-webkit-background-size:cover;-moz-background-size:cover;-o-background-size:cover;background-size:cover;padding: 0px 0px 0px 0px;\"><img width=\"1024\" height=\"769\" src=\"https:\/\/educacio-valencia.es\/wp-content\/uploads\/2020\/06\/Aprende-a-ser-feliz.jpg\" class=\" wp-post-image\" alt=\"\" style=\"\" srcset=\"https:\/\/educacio-valencia.es\/wp-content\/uploads\/2020\/06\/Aprende-a-ser-feliz-200x150.jpg 200w, https:\/\/educacio-valencia.es\/wp-content\/uploads\/2020\/06\/Aprende-a-ser-feliz-300x225.jpg 300w, https:\/\/educacio-valencia.es\/wp-content\/uploads\/2020\/06\/Aprende-a-ser-feliz-400x300.jpg 400w, https:\/\/educacio-valencia.es\/wp-content\/uploads\/2020\/06\/Aprende-a-ser-feliz-600x451.jpg 600w, https:\/\/educacio-valencia.es\/wp-content\/uploads\/2020\/06\/Aprende-a-ser-feliz-768x577.jpg 768w, https:\/\/educacio-valencia.es\/wp-content\/uploads\/2020\/06\/Aprende-a-ser-feliz-800x601.jpg 800w, https:\/\/educacio-valencia.es\/wp-content\/uploads\/2020\/06\/Aprende-a-ser-feliz.jpg 1024w\" sizes=\"(max-width: 1024px) 100vw, 1024px\" \/><div class=\"fusion-clearfix\"><\/div><\/div><\/div><div class=\"fusion-layout-column fusion_builder_column fusion-builder-column-1 fusion_builder_column_1_2 1_2 fusion-one-half fusion-column-last\" style=\"width:50%;width:calc(50% - ( ( 4% ) * 0.5 ) );margin-top:0px;margin-bottom:20px;\"><div class=\"fusion-column-wrapper fusion-flex-column-wrapper-legacy\" style=\"background-position:left top;background-repeat:no-repeat;-webkit-background-size:cover;-moz-background-size:cover;-o-background-size:cover;background-size:cover;padding: 0px 0px 0px 0px;\"><div class=\"fusion-text fusion-text-1 fusion-text-split-columns fusion-text-columns-2\" style=\" -webkit-column-count:2; -webkit-column-gap:2em; -webkit-column-width:100px; -moz-column-count:2; -moz-column-gap:2em; -moz-column-width:100px; column-count:2; column-gap:2em; column-width:100px;transform:translate3d(0,0,0);\"><p><strong>T\u00edtulo: \u201cAprende a ser feliz\u201d<\/strong><\/p>\n<p><strong>Duraci\u00f3n: <\/strong>11\u201913\u2019\u2019<\/p>\n<p><strong>Idioma: <\/strong>Ingl\u00e9s subtitulada en espa\u00f1ol<\/p>\n<p><strong>Autor: <\/strong>Logan Laplante<\/p>\n<p><strong>Lugar: <\/strong>Universidad de Nevada (EEUU)<\/p>\n<p><strong>Fecha: <\/strong>2013<\/p>\n<p><strong>Recomendada: <\/strong>3\u00ba y 4\u00ba de la ESO\/ Bachiller \/ Ciclos Formativos<\/p>\n<p><strong>Sinopsis:<\/strong><\/p>\n<p>Logan Laplante da una conferencia en TED acerca de c\u00f3mo hackear la educaci\u00f3n tradicional, que ofusca la creatividad, y aprender a estar &#8220;sanos y felices&#8221; en un sistema fuera de los m\u00e1rgenes de lo estandarizado.<\/p>\n<p><strong>Preguntas para iniciar el debate:<\/strong><\/p>\n<ul>\n<li>\u00bfTe has planteado alguna vez la idea de querer ser feliz de mayor o lo dabas por hecho?, \u00bfPor qu\u00e9?, \u00bfC\u00f3mo, con qu\u00e9 ser\u00edas feliz?<\/li>\n<li>\u00bfNecesitas planearlo todo con antelaci\u00f3n?, \u00bfPor qu\u00e9 crees que las personas adultas lo planean todo?, \u00bfPlanean tambi\u00e9n ser felices?, \u00bfY t\u00fa?<\/li>\n<li>\u00bfC\u00f3mo aprendes a ser feliz?, \u00bfQui\u00e9n te ense\u00f1a?, \u00bfEn casa?, \u00bfEn el colegio?, \u00bfSabes ser feliz?<\/li>\n<li>\u00bfC\u00f3mo te ves en el futuro?, \u00bfQu\u00e9 quieres hacer de mayor y qu\u00e9 quieres ser de mayor?, \u00bfAlguna vez te han hecho estas preguntas?, \u00bfTu respuesta sigue siendo la misma?, \u00bfEs la que esperan los dem\u00e1s de ti?<\/li>\n<li>\u00bfQu\u00e9 aspectos consideras para ti de vital importancia en la vida para poder ser feliz?<\/li>\n<li>\u00bfCu\u00e1les son tus cinco prioridades en la vida? Ord\u00e9nalas de mayor a menor importancia<\/li>\n<li>\u00bfQu\u00e9 es para ti lo m\u00e1s importante de la educaci\u00f3n?<\/li>\n<li>\u00bfQu\u00e9 piensas del sistema educativo actual?, \u00bfQu\u00e9 opinas de la escuela y la educaci\u00f3n diferente a la tradicional?, \u00bfY del aprendizaje por experimentaci\u00f3n?, \u00bfY de una educaci\u00f3n personalizada basada en tus experiencias e intereses?<\/li>\n<li>\u00bfTe consideras creativo? \u00bfEl colegio o instituto te deja serlo?<\/li>\n<li>Si fueras docente, \u00bfC\u00f3mo har\u00edas para que tu alumnado aprendiera a ser feliz?<\/li>\n<\/ul>\n<p>&nbsp;<\/p>\n<p><strong>Enlace:<\/strong><\/p>\n<p><span style=\"color: #0000ff;\"><strong><a style=\"color: #0000ff;\" href=\"https:\/\/www.youtube.com\/watch?v=Y0n5zlCn04s\">Aprende a ser feliz<\/a><\/strong><\/span><\/p>\n<\/div><div class=\"fusion-clearfix\"><\/div><\/div><\/div><\/div><\/div>\n","protected":false},"excerpt":{"rendered":"","protected":false},"author":15,"featured_media":20885,"comment_status":"open","ping_status":"open","sticky":false,"template":"","format":"standard","meta":[],"categories":[176,183,192,180],"tags":[],"_links":{"self":[{"href":"https:\/\/educacio-valencia.es\/es\/wp-json\/wp\/v2\/posts\/20884"}],"collection":[{"href":"https:\/\/educacio-valencia.es\/es\/wp-json\/wp\/v2\/posts"}],"about":[{"href":"https:\/\/educacio-valencia.es\/es\/wp-json\/wp\/v2\/types\/post"}],"author":[{"embeddable":true,"href":"https:\/\/educacio-valencia.es\/es\/wp-json\/wp\/v2\/users\/15"}],"replies":[{"embeddable":true,"href":"https:\/\/educacio-valencia.es\/es\/wp-json\/wp\/v2\/comments?post=20884"}],"version-history":[{"count":5,"href":"https:\/\/educacio-valencia.es\/es\/wp-json\/wp\/v2\/posts\/20884\/revisions"}],"predecessor-version":[{"id":21904,"href":"https:\/\/educacio-valencia.es\/es\/wp-json\/wp\/v2\/posts\/20884\/revisions\/21904"}],"wp:featuredmedia":[{"embeddable":true,"href":"https:\/\/educacio-valencia.es\/es\/wp-json\/wp\/v2\/media\/20885"}],"wp:attachment":[{"href":"https:\/\/educacio-valencia.es\/es\/wp-json\/wp\/v2\/media?parent=20884"}],"wp:term":[{"taxonomy":"category","embeddable":true,"href":"https:\/\/educacio-valencia.es\/es\/wp-json\/wp\/v2\/categories?post=20884"},{"taxonomy":"post_tag","embeddable":true,"href":"https:\/\/educacio-valencia.es\/es\/wp-json\/wp\/v2\/tags?post=20884"}],"curies":[{"name":"wp","href":"https:\/\/api.w.org\/{rel}","templated":true}]}}