{"id":17262,"date":"2021-02-26T08:00:22","date_gmt":"2021-02-26T07:00:22","guid":{"rendered":"https:\/\/educacio-valencia.es\/?p=17262"},"modified":"2022-09-29T12:18:34","modified_gmt":"2022-09-29T10:18:34","slug":"charlas-ted-y-otras","status":"publish","type":"post","link":"https:\/\/educacio-valencia.es\/es\/charlas-ted-y-otras\/","title":{"rendered":"Charlas TED"},"content":{"rendered":"<p><div class=\"fusion-fullwidth fullwidth-box fusion-builder-row-1 nonhundred-percent-fullwidth non-hundred-percent-height-scrolling\" style=\"background-color: rgba(255,255,255,0);background-position: center center;background-repeat: no-repeat;padding-top:0px;padding-right:0px;padding-bottom:0px;padding-left:0px;margin-bottom: 0px;margin-top: 0px;border-width: 0px 0px 0px 0px;border-color:#eae9e9;border-style:solid;\" ><div class=\"fusion-builder-row fusion-row\"><div class=\"fusion-layout-column fusion_builder_column fusion-builder-column-0 fusion_builder_column_1_2 1_2 fusion-one-half fusion-column-first\" style=\"width:50%;width:calc(50% - ( ( 4% ) * 0.5 ) );margin-right: 4%;margin-top:0px;margin-bottom:20px;\"><div class=\"fusion-column-wrapper fusion-flex-column-wrapper-legacy\" style=\"background-position:left top;background-repeat:no-repeat;-webkit-background-size:cover;-moz-background-size:cover;-o-background-size:cover;background-size:cover;padding: 0px 0px 0px 0px;\"><img width=\"1024\" height=\"769\" src=\"https:\/\/educacio-valencia.es\/wp-content\/uploads\/2022\/09\/Charlas-TED.jpg\" class=\" wp-post-image\" alt=\"\" style=\"\" srcset=\"https:\/\/educacio-valencia.es\/wp-content\/uploads\/2022\/09\/Charlas-TED-200x150.jpg 200w, https:\/\/educacio-valencia.es\/wp-content\/uploads\/2022\/09\/Charlas-TED-300x225.jpg 300w, https:\/\/educacio-valencia.es\/wp-content\/uploads\/2022\/09\/Charlas-TED-400x300.jpg 400w, https:\/\/educacio-valencia.es\/wp-content\/uploads\/2022\/09\/Charlas-TED-600x451.jpg 600w, https:\/\/educacio-valencia.es\/wp-content\/uploads\/2022\/09\/Charlas-TED-768x577.jpg 768w, https:\/\/educacio-valencia.es\/wp-content\/uploads\/2022\/09\/Charlas-TED-800x601.jpg 800w, https:\/\/educacio-valencia.es\/wp-content\/uploads\/2022\/09\/Charlas-TED.jpg 1024w\" sizes=\"(max-width: 1024px) 100vw, 1024px\" \/><div class=\"fusion-clearfix\"><\/div><\/div><\/div><div class=\"fusion-layout-column fusion_builder_column fusion-builder-column-1 fusion_builder_column_1_2 1_2 fusion-one-half fusion-column-last\" style=\"width:50%;width:calc(50% - ( ( 4% ) * 0.5 ) );margin-top:0px;margin-bottom:20px;\"><div class=\"fusion-column-wrapper fusion-flex-column-wrapper-legacy\" style=\"background-position:left top;background-repeat:no-repeat;-webkit-background-size:cover;-moz-background-size:cover;-o-background-size:cover;background-size:cover;padding: 0px 0px 0px 0px;\"><div class=\"fusion-text fusion-text-1\" style=\"transform:translate3d(0,0,0);\"><h1>Presentaci\u00f3n del recurso.<\/h1>\n<hr \/>\n<p><strong>TED<\/strong> <strong>(Tecnolog\u00eda, Entretenimiento, Dise\u00f1o)<\/strong> es una organizaci\u00f3n sin fines de lucro estadounidense dedicada a las &#8220;Ideas dignas de difundir\u201d.<\/p>\n<p>Las charlas motivacionales van ganando en popularidad por el impacto que causan entre quienes asisten a ellas y tambi\u00e9n entre quienes las visualizan despu\u00e9s de haberse realizado.<\/p>\n<p>La aparici\u00f3n de las charlas TED consiguen que cualquier persona pueda compartir las ideas que se traten sobre educaci\u00f3n, siendo para muchas personas fuente de inspiraci\u00f3n.<\/p>\n<p>Estas charlas cubren un amplio espectro de temas, aqu\u00ed vamos a rese\u00f1ar algunas, sobre tem\u00e1tica educativa, \u00a0que nos parecen interesantes y de 15 minutos como m\u00e1ximo, para que despu\u00e9s de ser visionadas poder realizar un coloquio con el alumnado sobre la tem\u00e1tica que aborda cada una de ellas partiendo de algunas preguntas para hacerlo.<\/p>\n<p>Adem\u00e1s se puede proponer que las\/os estudiantes se preparen peque\u00f1as conferencias, en grupo o individuales, sobre aquellos temas que m\u00e1s les interesan: ciencia, deporte, arte, tecnolog\u00eda, comunicaci\u00f3n\u2026 De esta manera perder\u00e1n el miedo a hablar en p\u00fablico y se potenciar\u00e1 su autoestima, adem\u00e1s de \u00a0descubrir las interesantes cosas que los dem\u00e1s pueden ense\u00f1arnos.<\/p>\n<p>Este es el listado de las <strong>\u00a0charlas<\/strong> \u00a0sobre la tem\u00e1tica para la prevenci\u00f3n del absentismo escolar (el poder de la educaci\u00f3n, el derecho de las ni\u00f1as y los ni\u00f1os a la educaci\u00f3n, la educaci\u00f3n inclusiva, las relaciones entre los miembros que componen las comunidades educativas a los que puedes acceder, la motivaci\u00f3n para aprender\u2026) \u00a0Esta lista se va actualizando peri\u00f3dicamente.<\/p>\n<p>Clica en cada uno de sus t\u00edtulos y acceder\u00e1s a la \u00a0ficha t\u00e9cnica de la charla, \u00a0al enlace para poder visionarla y unas preguntas gu\u00eda para el coloquio con el alumnado.<\/p>\n<p>La etapa educativa (<strong>EP<\/strong>: 5\u00ba y 6\u00ba de Educaci\u00f3n Primaria;\u00a0<strong>ESO<\/strong>: Educaci\u00f3n Secundaria Obligatoria;\u00a0<strong>ES<\/strong>: Educaci\u00f3n Secundaria -ESO, Bachillerato y Ciclos Formativos-, a la que puede ir dirigido el largometraje aparece en el listado entre par\u00e9ntesis.<\/p>\n<\/div><div class=\"fusion-sep-clear\"><\/div><div class=\"fusion-separator fusion-full-width-sep\" style=\"margin-left: auto;margin-right: auto;width:100%;\"><div class=\"fusion-separator-border sep-double\" style=\"border-color:#e0dede;border-top-width:1px;border-bottom-width:1px;\"><\/div><\/div><div class=\"fusion-sep-clear\"><\/div><div class=\"fusion-text fusion-text-2\" style=\"transform:translate3d(0,0,0);\"><h1>Buscador<\/h1>\n<ul>\n<li><span style=\"color: #0000ff;\"><strong><a style=\"color: #0000ff;\" href=\"https:\/\/educacio-valencia.es\/es\/a-iniciar-la-revolucion-del-aprendizaje\/\">\u201c\u00a1A iniciar la revoluci\u00f3n del aprendizaje!\u201d<\/a> <\/strong>(Derecho a la educaci\u00f3n, abandono escolar prematuro) (ESO)\u00a0<\/span><\/li>\n<li><span style=\"color: #0000ff;\"><strong><a style=\"color: #0000ff;\" href=\"https:\/\/educacio-valencia.es\/es\/la-clave-del-exito-determinaicon\/\">\u201c\u00bfLa clave del \u00e9xito? Determinaci\u00f3n\u201d\u00a0<\/a><\/strong><a style=\"color: #0000ff;\" href=\"https:\/\/educacio-valencia.es\/es\/la-clave-del-exito-determinaicon\/\">(<\/a>Inteligencia emocional, habilidades sociales) (<a style=\"color: #0000ff;\" href=\"https:\/\/educacio-valencia.es\/es\/la-clave-del-exito-determinaicon\/\">ESO)\u00a0<\/a><\/span><\/li>\n<li><span style=\"color: #0000ff;\"><strong>\u201c<a style=\"color: #0000ff;\" href=\"https:\/\/educacio-valencia.es\/es\/20826\/\">\u00bfPor qu\u00e9 abrir un colegio? Para cerrar una c\u00e1rcel<\/a>\u201d\u00a0<\/strong>(Absentismo escolar,\u00a0 derecho a la educaci\u00f3n) (EP\/ ESO)\u00a0<\/span><\/li>\n<li><span style=\"color: #0000ff;\"><strong>\u201c<a style=\"color: #0000ff;\" href=\"https:\/\/educacio-valencia.es\/es\/21357\/\">\u00bfY si las personas adultas, ni\u00f1os y ni\u00f1as habl\u00e1ramos m\u00e1s?\u201d<\/a>\u00a0<\/strong>(Habilidades sociales) (ESO)\u00a0<\/span><\/li>\n<li><span style=\"color: #0000ff;\"><strong><a style=\"color: #0000ff;\" href=\"https:\/\/educacio-valencia.es\/es\/aprende-a-ser-feliz\/\">\u201cAprende a ser feliz\u201d<\/a>\u00a0<\/strong>(Inteligencia emocional) ES)\u00a0<\/span><\/li>\n<li><span style=\"color: #0000ff;\"><strong><a style=\"color: #0000ff;\" href=\"https:\/\/educacio-valencia.es\/es\/aprendre-a-triar-quina-carrera-estudiar\/\">\u201cAprender a elegir \u00bfqu\u00e9 carrera estudiar?\u201d<\/a> <\/strong>(Inteligencia emocional y habilidades sociales) (ESO)\u00a0<\/span><\/li>\n<li><span style=\"color: #0000ff;\"><strong><a style=\"color: #0000ff;\" href=\"https:\/\/educacio-valencia.es\/es\/encara-que-ho-entenga\/\">\u201cAun entendi\u00e9ndolo\u201d<\/a>\u00a0<\/strong>(Coeducaci\u00f3n) (ES )\u00a0<\/span><\/li>\n<li><span style=\"color: #0000ff;\"><strong>\u201c<a style=\"color: #0000ff;\" href=\"https:\/\/educacio-valencia.es\/es\/ayuda-para-el-alumnado-que-el-sistema-educativo-ignora\/\">Ayuda para el alumnado que el sistema educativo ignora<\/a>\u201d\u00a0<\/strong>(Absentismo escolar, abandono escolar prematuro, valores) (ESO)\u00a0<\/span><\/li>\n<li><span style=\"color: #0000ff;\"><strong><a style=\"color: #0000ff;\" href=\"https:\/\/educacio-valencia.es\/es\/com-acabar-amb-lavorriment-a-classe\/\">\u201cC\u00f3mo acabar con el aburrimiento en clase\u201d\u00a0<\/a><\/strong><a style=\"color: #0000ff;\" href=\"https:\/\/educacio-valencia.es\/es\/com-acabar-amb-lavorriment-a-classe\/\">(<\/a>Abandono escolar prematuro,\u00a0 derecho a la educaci\u00f3n) (<a style=\"color: #0000ff;\" href=\"https:\/\/educacio-valencia.es\/es\/com-acabar-amb-lavorriment-a-classe\/\">ESO)\u00a0<\/a><\/span><\/li>\n<li><span style=\"color: #0000ff;\"><strong><a style=\"color: #0000ff;\" href=\"https:\/\/educacio-valencia.es\/es\/como-escapar-del-valle-de-la-muerte-de-la-educacion\/\">\u201cC\u00f3mo escapar del valle de la muerte de la educaci\u00f3n\u201d<\/a> <\/strong>(Abandono escolar prematuro) (ESO\/ Profesorado)\u00a0<\/span><\/li>\n<li><span style=\"color: #0000ff;\"><strong><a style=\"color: #0000ff;\" href=\"https:\/\/educacio-valencia.es\/es\/como-la-lectura-expande-la-mente-de-ninos-y-ninas\/\">\u201cC\u00f3mo la lectura expande la mente de los ni\u00f1os\u201d\u00a0<\/a><\/strong><a style=\"color: #0000ff;\" href=\"https:\/\/educacio-valencia.es\/es\/como-la-lectura-expande-la-mente-de-ninos-y-ninas\/\">(<\/a>Fomento de la lectura, creatividad) (<a style=\"color: #0000ff;\" href=\"https:\/\/educacio-valencia.es\/es\/como-la-lectura-expande-la-mente-de-ninos-y-ninas\/\">ESO)\u00a0\u00a0<\/a> <\/span><\/li>\n<li><strong style=\"color: #0000ff;\"><a style=\"color: #0000ff;\" href=\"https:\/\/educacio-valencia.es\/es\/22140\/\">\u201cC\u00f3mo matar al no puedo\u201d<\/a> <\/strong><span style=\"color: #0000ff;\">(Inclusi\u00f3n,\u00a0 inteligencia emocional) (ESO)\u00a0<\/span><\/li>\n<li><span style=\"color: #0000ff;\"><strong><a style=\"color: #0000ff;\" href=\"https:\/\/educacio-valencia.es\/es\/contagiar-la-magia-de-la-lectura\/\">\u201cContagiar la magia de la lectura\u201d<\/a> <\/strong>(Fomento de la lectura, habilidades sociales, creatividad) (ESO)\u00a0<\/span><\/li>\n<li><span style=\"color: #0000ff;\"><strong><a style=\"color: #0000ff;\" href=\"https:\/\/educacio-valencia.es\/es\/convirtiendo-basura-en-juguetes-para-aprender-2\/\"><span style=\"color: #0000ff;\">\u201c<\/span>Convirtiendo basura en juguetes para aprender\u201d\u00a0<\/a><\/strong><a style=\"color: #0000ff;\" href=\"https:\/\/educacio-valencia.es\/es\/convirtiendo-basura-en-juguetes-para-aprender-2\/\">(<\/a>Creatividad y habilidades sociales) (<a style=\"color: #0000ff;\" href=\"https:\/\/educacio-valencia.es\/es\/convirtiendo-basura-en-juguetes-para-aprender-2\/\">EP\/ ESO)\u00a0<\/a><\/span><\/li>\n<li><span style=\"color: #0000ff;\"><strong><a style=\"color: #0000ff;\" href=\"https:\/\/educacio-valencia.es\/es\/esto-es-lo-que-pasa-cuando-un-nino-de-13-anos-abandona-la-escuela\/\">\u201cEsto es lo que pasa cuando un ni\u00f1o de 13 a\u00f1os abandona la escuela\u201d<\/a>\u00a0<\/strong>(Absentismo escolar, abandono escolar prematuro) (ESO)\u00a0<\/span><\/li>\n<li><span style=\"color: #0000ff;\"><a style=\"color: #0000ff;\" href=\"https:\/\/educacio-valencia.es\/es\/la-pasion-en-la-lectura-la-ponen-los-jovenes\/\">\u201c<strong>La pasi\u00f3n en la lectura la ponen los j\u00f3venes\u201d<\/strong><\/a> (Fomento de la lectura y creatividad) (ESO)\u00a0<\/span><\/li>\n<li><span style=\"color: #0000ff;\"><strong><a style=\"color: #0000ff;\" href=\"https:\/\/educacio-valencia.es\/es\/lo-que-las-personas-adultas-pueden-aprender-de-los-as-ninos-as\/\">\u201cLo que las personas adultas pueden aprender de ni\u00f1os y ni\u00f1as\u201d<\/a>\u00a0<\/strong>(Inteligencia emocional y habilidades sociales) (EP\/ ESO)\u00a0<\/span><\/li>\n<li><span style=\"color: #0000ff;\"><strong><a style=\"color: #0000ff;\" href=\"https:\/\/educacio-valencia.es\/es\/ninos-triquis-y-la-superacion-a-traves-del-deporte\/\">\u201cNi\u00f1os triquis y la superaci\u00f3n a trav\u00e9s del deporte\u201d<\/a>\u00a0<\/strong>(Inteligencia emocional y habilidades sociales) (EP \/ ESO)\u00a0<\/span><\/li>\n<li><span style=\"color: #0000ff;\"><strong>\u201c<a style=\"color: #0000ff;\" href=\"https:\/\/educacio-valencia.es\/es\/no-soy-un-siete\/\">No soy un 7\u201d\u00a0<\/a><\/strong><a style=\"color: #0000ff;\" href=\"https:\/\/educacio-valencia.es\/es\/no-soy-un-siete\/\">(Inteligencia emocional) (ESO)\u00a0<\/a><\/span><\/li>\n<li><span style=\"color: #0000ff;\"><strong><a style=\"color: #0000ff;\" href=\"https:\/\/educacio-valencia.es\/es\/problemas-en-la-escuela\/\">\u201cProblemas en la escuela\u201d<\/a> <\/strong>(Derecho a la educaci\u00f3n, absentismo escolar,\u00a0 abandono escolar prematuro) (ESO)\u00a0<\/span><\/li>\n<li><span style=\"color: #0000ff;\"><strong><a style=\"color: #0000ff;\" href=\"https:\/\/educacio-valencia.es\/es\/20842\/\">\u201cProgramar para aprender sin l\u00edmites\u201d<\/a>\u00a0<\/strong>(Creatividad, habilidades sociales) (EP \/ ESO \/ ES)\u00a0<\/span><\/li>\n<li><span style=\"color: #0000ff;\"><strong><a style=\"color: #0000ff;\" href=\"https:\/\/educacio-valencia.es\/es\/todo-a-nino-a-necesita-un-a-campeon-a\/\">\u201cTodo\/a ni\u00f1o\/a necesita un\/a campe\u00f3n\/a\u201d<\/a>\u00a0<\/strong>(Inteligencia emocional) (EP\/ ESO)\u00a0<\/span><\/li>\n<li><span style=\"color: #0000ff;\"><strong>\u201c<a style=\"color: #0000ff;\" href=\"https:\/\/educacio-valencia.es\/es\/yo-de-la-escuela-no-me-voy\/\">Yo, de la escuela no me voy\u201d\u00a0<\/a><\/strong><a style=\"color: #0000ff;\" href=\"https:\/\/educacio-valencia.es\/es\/yo-de-la-escuela-no-me-voy\/\">(<\/a>Absentismo escolar y abandono escolar prematuro) (<a style=\"color: #0000ff;\" href=\"https:\/\/educacio-valencia.es\/es\/yo-de-la-escuela-no-me-voy\/\">ESO)\u00a0<\/a><\/span><\/li>\n<li><span style=\"color: #0000ff;\"><strong><a style=\"color: #0000ff;\" href=\"https:\/\/educacio-valencia.es\/es\/zombis-en-la-escuela\/\">\u201cZombis en la escuela\u201d\u00a0<\/a><\/strong><a style=\"color: #0000ff;\" href=\"https:\/\/educacio-valencia.es\/es\/zombis-en-la-escuela\/\">(<\/a>Absentismo escolar, abandono escolar prematuro, derecho a la educaci\u00f3n) (<a style=\"color: #0000ff;\" href=\"https:\/\/educacio-valencia.es\/es\/zombis-en-la-escuela\/\">ESO)<\/a><\/span><\/li>\n<\/ul>\n<\/div><div class=\"fusion-clearfix\"><\/div><\/div><\/div><\/div><\/div><div class=\"fusion-fullwidth fullwidth-box fusion-builder-row-2 nonhundred-percent-fullwidth non-hundred-percent-height-scrolling\" style=\"background-color: rgba(255,255,255,0);background-position: center center;background-repeat: no-repeat;padding-top:0px;padding-right:0px;padding-bottom:0px;padding-left:0px;margin-bottom: 0px;margin-top: 0px;border-width: 0px 0px 0px 0px;border-color:#eae9e9;border-style:solid;\" ><div class=\"fusion-builder-row fusion-row\"><div class=\"fusion-layout-column fusion_builder_column fusion-builder-column-2 fusion_builder_column_1_1 1_1 fusion-one-full fusion-column-first fusion-column-last\" style=\"margin-top:0px;margin-bottom:0px;\"><div class=\"fusion-column-wrapper fusion-flex-column-wrapper-legacy\" style=\"background-position:left top;background-repeat:no-repeat;-webkit-background-size:cover;-moz-background-size:cover;-o-background-size:cover;background-size:cover;padding: 0px 0px 0px 0px;\"><div class=\"fusion-text fusion-text-3\" style=\"transform:translate3d(0,0,0);\"><\/div><div class=\"fusion-clearfix\"><\/div><\/div><\/div><\/div><\/div><\/p>\n","protected":false},"excerpt":{"rendered":"","protected":false},"author":15,"featured_media":33853,"comment_status":"open","ping_status":"open","sticky":false,"template":"","format":"standard","meta":[],"categories":[176,183,192,180],"tags":[],"_links":{"self":[{"href":"https:\/\/educacio-valencia.es\/es\/wp-json\/wp\/v2\/posts\/17262"}],"collection":[{"href":"https:\/\/educacio-valencia.es\/es\/wp-json\/wp\/v2\/posts"}],"about":[{"href":"https:\/\/educacio-valencia.es\/es\/wp-json\/wp\/v2\/types\/post"}],"author":[{"embeddable":true,"href":"https:\/\/educacio-valencia.es\/es\/wp-json\/wp\/v2\/users\/15"}],"replies":[{"embeddable":true,"href":"https:\/\/educacio-valencia.es\/es\/wp-json\/wp\/v2\/comments?post=17262"}],"version-history":[{"count":37,"href":"https:\/\/educacio-valencia.es\/es\/wp-json\/wp\/v2\/posts\/17262\/revisions"}],"predecessor-version":[{"id":29291,"href":"https:\/\/educacio-valencia.es\/es\/wp-json\/wp\/v2\/posts\/17262\/revisions\/29291"}],"wp:featuredmedia":[{"embeddable":true,"href":"https:\/\/educacio-valencia.es\/es\/wp-json\/wp\/v2\/media\/33853"}],"wp:attachment":[{"href":"https:\/\/educacio-valencia.es\/es\/wp-json\/wp\/v2\/media?parent=17262"}],"wp:term":[{"taxonomy":"category","embeddable":true,"href":"https:\/\/educacio-valencia.es\/es\/wp-json\/wp\/v2\/categories?post=17262"},{"taxonomy":"post_tag","embeddable":true,"href":"https:\/\/educacio-valencia.es\/es\/wp-json\/wp\/v2\/tags?post=17262"}],"curies":[{"name":"wp","href":"https:\/\/api.w.org\/{rel}","templated":true}]}}