{"id":10637,"date":"2019-06-10T11:00:19","date_gmt":"2019-06-10T09:00:19","guid":{"rendered":"http:\/\/educacio-valencia.es\/ii-informe-sobre-el-mapa-escolar-municipal-3\/"},"modified":"2019-06-10T11:53:13","modified_gmt":"2019-06-10T09:53:13","slug":"residencias-artisticas-en-centros-educativos-2018-2019","status":"publish","type":"post","link":"https:\/\/educacio-valencia.es\/es\/residencias-artisticas-en-centros-educativos-2018-2019\/","title":{"rendered":"Residencias Art\u00edsticas en Centros Educativos 2018-2019"},"content":{"rendered":"<div class=\"fusion-fullwidth fullwidth-box fusion-builder-row-1 nonhundred-percent-fullwidth non-hundred-percent-height-scrolling\" style=\"background-color: rgba(255,255,255,0);background-position: center center;background-repeat: no-repeat;padding-top:0px;padding-right:0px;padding-bottom:0px;padding-left:0px;margin-bottom: 0px;margin-top: 0px;border-width: 0px 0px 0px 0px;border-color:#eae9e9;border-style:solid;\" ><div class=\"fusion-builder-row fusion-row\"><div class=\"fusion-layout-column fusion_builder_column fusion-builder-column-0 fusion_builder_column_1_2 1_2 fusion-one-half fusion-column-first\" style=\"width:50%;width:calc(50% - ( ( 4% ) * 0.5 ) );margin-right: 4%;margin-top:0px;margin-bottom:20px;\"><div class=\"fusion-column-wrapper fusion-flex-column-wrapper-legacy\" style=\"background-position:left top;background-repeat:no-repeat;-webkit-background-size:cover;-moz-background-size:cover;-o-background-size:cover;background-size:cover;padding: 0px 0px 0px 0px;\"><img width=\"1024\" height=\"685\" src=\"https:\/\/educacio-valencia.es\/wp-content\/uploads\/2019\/06\/cabecera-acto-2018-2019-1024x685.jpg\" class=\" wp-post-image\" alt=\"\" style=\"\" srcset=\"https:\/\/educacio-valencia.es\/wp-content\/uploads\/2019\/06\/cabecera-acto-2018-2019-200x134.jpg 200w, https:\/\/educacio-valencia.es\/wp-content\/uploads\/2019\/06\/cabecera-acto-2018-2019-300x201.jpg 300w, https:\/\/educacio-valencia.es\/wp-content\/uploads\/2019\/06\/cabecera-acto-2018-2019-400x267.jpg 400w, https:\/\/educacio-valencia.es\/wp-content\/uploads\/2019\/06\/cabecera-acto-2018-2019-600x401.jpg 600w, https:\/\/educacio-valencia.es\/wp-content\/uploads\/2019\/06\/cabecera-acto-2018-2019-768x513.jpg 768w, https:\/\/educacio-valencia.es\/wp-content\/uploads\/2019\/06\/cabecera-acto-2018-2019-800x535.jpg 800w, https:\/\/educacio-valencia.es\/wp-content\/uploads\/2019\/06\/cabecera-acto-2018-2019-1024x685.jpg 1024w, https:\/\/educacio-valencia.es\/wp-content\/uploads\/2019\/06\/cabecera-acto-2018-2019-1200x802.jpg 1200w, https:\/\/educacio-valencia.es\/wp-content\/uploads\/2019\/06\/cabecera-acto-2018-2019.jpg 1279w\" sizes=\"(max-width: 1024px) 100vw, 1024px\" \/><div class=\"fusion-clearfix\"><\/div><\/div><\/div><div class=\"fusion-layout-column fusion_builder_column fusion-builder-column-1 fusion_builder_column_1_2 1_2 fusion-one-half fusion-column-last\" style=\"width:50%;width:calc(50% - ( ( 4% ) * 0.5 ) );margin-top:0px;margin-bottom:20px;\"><div class=\"fusion-column-wrapper fusion-flex-column-wrapper-legacy\" style=\"background-position:left top;background-repeat:no-repeat;-webkit-background-size:cover;-moz-background-size:cover;-o-background-size:cover;background-size:cover;padding: 0px 0px 0px 0px;\"><div class=\"fusion-builder-row fusion-builder-row-inner fusion-row\"><div class=\"fusion-layout-column fusion_builder_column_inner fusion-builder-nested-column-0 fusion_builder_column_inner_1_2 1_2 fusion-one-half fusion-column-first\" style=\"width:50%;width:calc(50% - ( ( 4% ) * 0.5 ) );margin-right: 4%;margin-top:0px;margin-bottom:20px;\"><div class=\"fusion-column-wrapper fusion-flex-column-wrapper-legacy\" style=\"background-position:left top;background-repeat:no-repeat;-webkit-background-size:cover;-moz-background-size:cover;-o-background-size:cover;background-size:cover;padding: 0px 0px 0px 0px;\"><div class=\"fusion-text fusion-text-1\" style=\"transform:translate3d(0,0,0);\"><p>El pasado 6 de junio realizamos el acto de clausura de las II Residencias Art\u00edsticas en Centros Educativos de la ciudad de Val\u00e8ncia. El encuentro tuvo lugar en el TEM, espacio que tambi\u00e9n acoge una exposici\u00f3n colectiva de los resultados que pod\u00e9is disfrutar hasta el 17 de junio. Con la presente propuesta la Regidor\u00eda de Educaci\u00f3n pretende introducir en las aulas pr\u00e1cticas y metodolog\u00edas propias del arte contempor\u00e1neo.<\/p>\n<\/div><div class=\"fusion-clearfix\"><\/div><\/div><\/div><div class=\"fusion-layout-column fusion_builder_column_inner fusion-builder-nested-column-1 fusion_builder_column_inner_1_2 1_2 fusion-one-half fusion-column-last\" style=\"width:50%;width:calc(50% - ( ( 4% ) * 0.5 ) );margin-top:0px;margin-bottom:20px;\"><div class=\"fusion-column-wrapper fusion-flex-column-wrapper-legacy\" style=\"background-position:left top;background-repeat:no-repeat;-webkit-background-size:cover;-moz-background-size:cover;-o-background-size:cover;background-size:cover;padding: 0px 0px 0px 0px;\"><div class=\"fusion-text fusion-text-2\" style=\"transform:translate3d(0,0,0);\"><p>A juzgar por lo que nos transmitieron el pasado jueves ha sido toda una experiencia.<\/p>\n<p>\u00a0<br \/> <strong><a href=\"https:\/\/www.youtube.com\/watch?v=lhghLt162_4&amp;list=PLJH9vrn50HzdilDs4VigW-As9-X3WV4kr&amp;index=14&amp;t=3s\" target=\"_blank\" rel=\"noopener\">Video resumen de estas 9 Residencias<\/a><\/strong><\/p>\n<\/div><div class=\"fusion-clearfix\"><\/div><\/div><\/div><\/div><div class=\"fusion-clearfix\"><\/div><\/div><\/div><\/div><\/div>\n","protected":false},"excerpt":{"rendered":"","protected":false},"author":8,"featured_media":10648,"comment_status":"closed","ping_status":"closed","sticky":false,"template":"","format":"standard","meta":[],"categories":[140,138],"tags":[],"_links":{"self":[{"href":"https:\/\/educacio-valencia.es\/es\/wp-json\/wp\/v2\/posts\/10637"}],"collection":[{"href":"https:\/\/educacio-valencia.es\/es\/wp-json\/wp\/v2\/posts"}],"about":[{"href":"https:\/\/educacio-valencia.es\/es\/wp-json\/wp\/v2\/types\/post"}],"author":[{"embeddable":true,"href":"https:\/\/educacio-valencia.es\/es\/wp-json\/wp\/v2\/users\/8"}],"replies":[{"embeddable":true,"href":"https:\/\/educacio-valencia.es\/es\/wp-json\/wp\/v2\/comments?post=10637"}],"version-history":[{"count":5,"href":"https:\/\/educacio-valencia.es\/es\/wp-json\/wp\/v2\/posts\/10637\/revisions"}],"predecessor-version":[{"id":10651,"href":"https:\/\/educacio-valencia.es\/es\/wp-json\/wp\/v2\/posts\/10637\/revisions\/10651"}],"wp:featuredmedia":[{"embeddable":true,"href":"https:\/\/educacio-valencia.es\/es\/wp-json\/wp\/v2\/media\/10648"}],"wp:attachment":[{"href":"https:\/\/educacio-valencia.es\/es\/wp-json\/wp\/v2\/media?parent=10637"}],"wp:term":[{"taxonomy":"category","embeddable":true,"href":"https:\/\/educacio-valencia.es\/es\/wp-json\/wp\/v2\/categories?post=10637"},{"taxonomy":"post_tag","embeddable":true,"href":"https:\/\/educacio-valencia.es\/es\/wp-json\/wp\/v2\/tags?post=10637"}],"curies":[{"name":"wp","href":"https:\/\/api.w.org\/{rel}","templated":true}]}}