{"id":10406,"date":"2019-04-17T10:00:19","date_gmt":"2019-04-17T08:00:19","guid":{"rendered":"http:\/\/educacio-valencia.es\/proceso-de-admision-del-alumnado-para-el-curso-2019-2020-exclusivamente-para-la-ciudad-de-valencia\/"},"modified":"2019-04-24T11:25:40","modified_gmt":"2019-04-24T09:25:40","slug":"decreto-de-admision-del-alumnado-de-las-escuelas-infantiles-de-titularidad-municipal-2019-2020","status":"publish","type":"post","link":"https:\/\/educacio-valencia.es\/es\/decreto-de-admision-del-alumnado-de-las-escuelas-infantiles-de-titularidad-municipal-2019-2020\/","title":{"rendered":"Decreto de admisi\u00f3n del alumnado de las escuelas Infantiles de titularidad municipal 2019-2020"},"content":{"rendered":"<div class=\"fusion-fullwidth fullwidth-box fusion-builder-row-1 nonhundred-percent-fullwidth non-hundred-percent-height-scrolling\" style=\"background-color: rgba(255,255,255,0);background-position: center center;background-repeat: no-repeat;padding-top:0px;padding-right:0px;padding-bottom:0px;padding-left:0px;margin-bottom: 0px;margin-top: 0px;border-width: 0px 0px 0px 0px;border-color:#eae9e9;border-style:solid;\" ><div class=\"fusion-builder-row fusion-row\"><div class=\"fusion-layout-column fusion_builder_column fusion-builder-column-0 fusion_builder_column_1_2 1_2 fusion-one-half fusion-column-first\" style=\"width:50%;width:calc(50% - ( ( 4% ) * 0.5 ) );margin-right: 4%;margin-top:0px;margin-bottom:20px;\"><div class=\"fusion-column-wrapper fusion-flex-column-wrapper-legacy\" style=\"background-position:left top;background-repeat:no-repeat;-webkit-background-size:cover;-moz-background-size:cover;-o-background-size:cover;background-size:cover;padding: 0px 0px 0px 0px;\"><img width=\"1024\" height=\"587\" src=\"https:\/\/educacio-valencia.es\/wp-content\/uploads\/2018\/12\/mini-poli-8-1024x587.jpg\" class=\" wp-post-image\" alt=\"\" style=\"\" srcset=\"https:\/\/educacio-valencia.es\/wp-content\/uploads\/2018\/12\/mini-poli-8-200x115.jpg 200w, https:\/\/educacio-valencia.es\/wp-content\/uploads\/2018\/12\/mini-poli-8-300x172.jpg 300w, https:\/\/educacio-valencia.es\/wp-content\/uploads\/2018\/12\/mini-poli-8-400x229.jpg 400w, https:\/\/educacio-valencia.es\/wp-content\/uploads\/2018\/12\/mini-poli-8-600x344.jpg 600w, https:\/\/educacio-valencia.es\/wp-content\/uploads\/2018\/12\/mini-poli-8-768x440.jpg 768w, https:\/\/educacio-valencia.es\/wp-content\/uploads\/2018\/12\/mini-poli-8-800x459.jpg 800w, https:\/\/educacio-valencia.es\/wp-content\/uploads\/2018\/12\/mini-poli-8.jpg 1024w\" sizes=\"(max-width: 1024px) 100vw, 1024px\" \/><div class=\"fusion-clearfix\"><\/div><\/div><\/div><div class=\"fusion-layout-column fusion_builder_column fusion-builder-column-1 fusion_builder_column_1_2 1_2 fusion-one-half fusion-column-last\" style=\"width:50%;width:calc(50% - ( ( 4% ) * 0.5 ) );margin-top:0px;margin-bottom:20px;\"><div class=\"fusion-column-wrapper fusion-flex-column-wrapper-legacy\" style=\"background-position:left top;background-repeat:no-repeat;-webkit-background-size:cover;-moz-background-size:cover;-o-background-size:cover;background-size:cover;padding: 0px 0px 0px 0px;\"><div class=\"fusion-builder-row fusion-builder-row-inner fusion-row\"><div class=\"fusion-layout-column fusion_builder_column_inner fusion-builder-nested-column-0 fusion_builder_column_inner_1_2 1_2 fusion-one-half fusion-column-first\" style=\"width:50%;width:calc(50% - ( ( 4% ) * 0.5 ) );margin-right: 4%;margin-top:0px;margin-bottom:20px;\"><div class=\"fusion-column-wrapper fusion-flex-column-wrapper-legacy\" style=\"background-position:left top;background-repeat:no-repeat;-webkit-background-size:cover;-moz-background-size:cover;-o-background-size:cover;background-size:cover;padding: 0px 0px 0px 0px;\"><div class=\"fusion-text fusion-text-1\" style=\"transform:translate3d(0,0,0);\"><p><strong>ATENCI\u00d3N:<\/strong>\u00a0<em>Ampliaci\u00f3n del plazo de presentaci\u00f3n de solicitudes de admisi\u00f3n para las Escuelas Infantiles Municipales (SOLC, QUATRE CARRERES, GENT MENUDA y PINEDO) hasta el viernes 3 de mayo del 2019 incluido.<\/em><\/p>\n<p>DECRETO de la Regidora d\u2019Educaci\u00f3, por el que se regula el proceso y los criterios de admisi\u00f3n del alumnado en las Escuelas Infantiles de primer ciclo de Educaci\u00f3n Infantil de titularidad municipal y gesti\u00f3n directa e indirecta para el curso 2019-2020.<\/p>\n<\/div><div class=\"fusion-clearfix\"><\/div><\/div><\/div><div class=\"fusion-layout-column fusion_builder_column_inner fusion-builder-nested-column-1 fusion_builder_column_inner_1_2 1_2 fusion-one-half fusion-column-last\" style=\"width:50%;width:calc(50% - ( ( 4% ) * 0.5 ) );margin-top:0px;margin-bottom:20px;\"><div class=\"fusion-column-wrapper fusion-flex-column-wrapper-legacy\" style=\"background-position:left top;background-repeat:no-repeat;-webkit-background-size:cover;-moz-background-size:cover;-o-background-size:cover;background-size:cover;padding: 0px 0px 0px 0px;\"><div class=\"fusion-text fusion-text-2\" style=\"transform:translate3d(0,0,0);\"><p><strong><a href=\"http:\/\/educacio-valencia.es\/wp-content\/uploads\/2019\/04\/DECRETO-FIRMADO-CASTELLANO-2019-20.pdf\" target=\"_blank\" rel=\"noopener\">DECRETO 2019-20<\/a><\/strong><\/p>\n<p><strong><a href=\"http:\/\/educacio-valencia.es\/wp-content\/uploads\/2019\/04\/ANEXO-I-DECRETO-FIRMADO-CORRECI\u00d3N-CRITERIOS-BAREMACI\u00d3N.pdf\" target=\"_blank\" rel=\"noopener\">ANEXO I <\/a><\/strong><\/p>\n<p><strong><a href=\"http:\/\/educacio-valencia.es\/wp-content\/uploads\/2019\/04\/ANEXO-II-FIRMADO.pdf\" target=\"_blank\" rel=\"noopener\">ANEXO II <\/a><\/strong><\/p>\n<\/div><div class=\"fusion-clearfix\"><\/div><\/div><\/div><\/div><div class=\"fusion-clearfix\"><\/div><\/div><\/div><\/div><\/div>\n","protected":false},"excerpt":{"rendered":"","protected":false},"author":8,"featured_media":9784,"comment_status":"closed","ping_status":"closed","sticky":false,"template":"","format":"standard","meta":[],"categories":[154],"tags":[],"_links":{"self":[{"href":"https:\/\/educacio-valencia.es\/es\/wp-json\/wp\/v2\/posts\/10406"}],"collection":[{"href":"https:\/\/educacio-valencia.es\/es\/wp-json\/wp\/v2\/posts"}],"about":[{"href":"https:\/\/educacio-valencia.es\/es\/wp-json\/wp\/v2\/types\/post"}],"author":[{"embeddable":true,"href":"https:\/\/educacio-valencia.es\/es\/wp-json\/wp\/v2\/users\/8"}],"replies":[{"embeddable":true,"href":"https:\/\/educacio-valencia.es\/es\/wp-json\/wp\/v2\/comments?post=10406"}],"version-history":[{"count":4,"href":"https:\/\/educacio-valencia.es\/es\/wp-json\/wp\/v2\/posts\/10406\/revisions"}],"predecessor-version":[{"id":10412,"href":"https:\/\/educacio-valencia.es\/es\/wp-json\/wp\/v2\/posts\/10406\/revisions\/10412"}],"wp:featuredmedia":[{"embeddable":true,"href":"https:\/\/educacio-valencia.es\/es\/wp-json\/wp\/v2\/media\/9784"}],"wp:attachment":[{"href":"https:\/\/educacio-valencia.es\/es\/wp-json\/wp\/v2\/media?parent=10406"}],"wp:term":[{"taxonomy":"category","embeddable":true,"href":"https:\/\/educacio-valencia.es\/es\/wp-json\/wp\/v2\/categories?post=10406"},{"taxonomy":"post_tag","embeddable":true,"href":"https:\/\/educacio-valencia.es\/es\/wp-json\/wp\/v2\/tags?post=10406"}],"curies":[{"name":"wp","href":"https:\/\/api.w.org\/{rel}","templated":true}]}}